{"id":2482307,"date":"2026-04-22T07:59:27","date_gmt":"2026-04-22T07:59:27","guid":{"rendered":"https:\/\/prgn.com\/?p=2480173"},"modified":"2026-04-27T16:12:53","modified_gmt":"2026-04-27T16:12:53","slug":"k-group-joins-prgn-poland","status":"publish","type":"post","link":"https:\/\/prgn.cullencommunications.ie\/es_es\/news\/k-group-joins-prgn-poland\/","title":{"rendered":"K+ Group Joins PRGN, Expanding Global Network\u2019s Presence in Central Europe"},"content":{"rendered":"<h2><em>Warsaw-based integrated communications agency adds strategic PR, digital and research capabilities to PRGN\u2019s growing roster<\/em><\/h2>\n<p>(WARSAW \/ BRUSSELS \/ NEW YORK, April 22, 2026) \u2013 The <strong>Public Relations Global Network (PRGN)<\/strong> announced today that <strong>K+ Group<\/strong>, a Warsaw-based integrated communications agency, has joined the network as its member agency in Poland. The addition gives PRGN a foothold again in Central Europe\u2019s largest market and brings new capabilities in integrated communications, strategic public relations, digital communications, and research and insights.<\/p>\n<p><a href=\"https:\/\/prgn.cullencommunications.ie\/es_es\/agency\/k-group\/\" target=\"_blank\" rel=\"noopener\">K+ Group<\/a> provides strategic advisory and execution across public relations, digital and research. The agency specializes in corporate and strategic PR, reputation management, ESG and sustainability communication, employer branding, investor relations, and product and technology PR, supported by advanced digital marketing capabilities. K+ Group serves clients across key sectors of the economy, including real estate, financial services, energy, infrastructure, and retail, working with leading domestic and international brands. By combining data-driven insights with a 360\u00b0 approach, the agency supports organizations in building reputation, engaging stakeholders, and achieving measurable business results.<\/p>\n<div id=\"attachment_2479892\" style=\"width: 160px\" class=\"wp-caption alignleft\"><img loading=\"lazy\" decoding=\"async\" aria-describedby=\"caption-attachment-2479892\" class=\"wp-image-2479892 size-thumbnail\" src=\"https:\/\/prgn.cullencommunications.ie\/wp-content\/uploads\/2026\/04\/Frederic-Francois-BW.jpeg alt=\"frederic francois\" width=\"150\" height=\"150\" \/><p id=\"caption-attachment-2479892\" class=\"wp-caption-text\">Fr\u00e9d\u00e9ric Fran\u00e7ois<\/p><\/div>\n<p>&#8220;The addition of K+ Group not only strengthens PRGN in Central Europe by adding coverage in Poland, but also brings new communications capabilities to the global network in integrated communications, strategic PR, digital communications and research,\u201d said Fr\u00e9d\u00e9ric Fran\u00e7ois, <strong>President of PRGN<\/strong> and managing partner of <a href=\"https:\/\/prgn.cullencommunications.ie\/es_es\/agency\/two-cents\/\" target=\"_blank\" rel=\"noopener\"><strong>two cents<\/strong><\/a> in Belgium and the Netherlands.<\/p>\n<p>The move follows a period of steady growth for PRGN. The network has added agencies in France, Colombia, Boston and London over the past year, with each new member sharpening its focus on digital and artificial intelligence (AI)-driven services.<\/p>\n<p>The addition of K+ Group marks PRGN&#8217;s strengthened presence in Central Europe, where PRGN had a previous member in Poland and has had a long-standing member agency in Romania. Poland is the EU\u2019s sixth largest economy and is expected to remain one of the fastest-growing countries of the bloc in next years. For PRGN clients working across borders, Poland\u2019s scale and central location make it a market that demands strong local support. K+ Group, which has offices in Warsaw and Wroclaw, fills that gap.<\/p>\n<div id=\"attachment_2480164\" style=\"width: 160px\" class=\"wp-caption alignleft\"><img loading=\"lazy\" decoding=\"async\" aria-describedby=\"caption-attachment-2480164\" class=\"wp-image-2480164 size-thumbnail\" src=\"https:\/\/prgn.cullencommunications.ie\/wp-content\/uploads\/2026\/04\/Tomasz-Alberski_KGroup-BW-1-150x150.jpeg\" alt=\"Tomasz Alberski_K+Group\" width=\"150\" height=\"150\" \/><p id=\"caption-attachment-2480164\" class=\"wp-caption-text\">Tomasz Alberski<\/p><\/div>\n<p>&#8220;Joining PRGN is a natural step in executing our long-term growth strategy, focused on scaling capabilities, accelerating international expansion, and delivering measurable value to clients operating across markets,\u201d said Tomasz Alberski, managing partner of K+ Group. \u201cToday, effective communication is inherently cross-border. It requires a global lens combined with precise local execution. Our presence within the network significantly strengthens K+ Group\u2019s ability to design and deliver integrated, multi-market strategies at scale.\u201d<\/p>\n<p>This move is not just about market access, Alberski added. &#8220;It is about accelerating our organizational maturity, continuously raising our standards, and sharpening our advisory edge. Ultimately, it positions us to better support clients who treat communication as a core lever of long-term competitive advantage,\u201d he said.<\/p>\n<p>With 55 agencies worldwide, PRGN offers stronger support for clients doing business across the globe . The network pairs local insight with global reach, helping clients meet new challenges and find new opportunities in a fast-changing world. PRGN members share knowledge and resources to deliver broad communications programs wherever their clients need them.<\/p>\n<p>&#8212;<\/p>\n<p><strong>About K+ Group:<\/strong><\/p>\n<p>K+ Group is an integrated communications agency based in Warsaw, Poland, providing strategic advisory and execution across Public Relations, Digital, and Research. The agency delivers end-to-end, data-driven communication solutions \u2013 from diagnosis and insights, through strategy development, to the implementation of communication and performance activities.<\/p>\n<p>K+ Group specializes in corporate and strategic PR, reputation management, public affairs, and crisis communication, as well as ESG, sustainability and CSR communication, employer branding, investor relations, and product, technology, and retail PR. The agency also offers advanced digital marketing services, including channel strategy, creative development, media planning and buying, optimization, and performance analytics.<\/p>\n<p>A key strength of K+ Group is its research and insights capability. The agency conducts employee engagement and satisfaction studies based on a proprietary 12-pillar framework, as well as quantitative and qualitative research using methodologies such as CAWI, CAPI, and IDI. It also provides Mystery Candidate solutions to evaluate candidate experience and support employer branding and recruitment processes.<\/p>\n<p>K+ Group works with leading companies across key sectors of the economy, including real estate, financial services, energy, infrastructure, and industry, supporting clients in transformation processes, investment projects, mergers and acquisitions, and market entry, as well as in communicating complex business and regulatory changes.<\/p>\n<p>By combining strategic consulting with strong operational delivery and an integrated 360\u00b0 approach, K+ Group helps organizations build reputation, engage stakeholders, and achieve sustainable business growth.<\/p>\n<p>For more information, visit: <a href=\"https:\/\/kplus.agency\/en\/\" target=\"_blank\" rel=\"noopener\">https:\/\/kplus.agency\/en\/<\/a><\/p>\n<p><strong>About PRGN:<\/strong><\/p>\n<p>Founded in 1992, the Public Relations Global Network (<a href=\"https:\/\/prgn.cullencommunications.ie\/es_es\/\" target=\"_blank\" rel=\"noopener\">PRGN<\/a>) is one of the world\u2019s largest international networks of independent public relations and communications agencies, with approximately 900 professionals in more than 60 locations globally. PRGN members are independent, local, owner-operated public relations and marketing communications firms that share expertise and resources while providing broad-based, comprehensive communications strategies to clients worldwide.<\/p>\n<p>Companies or organizations interested in the services of PRGN\u2019s worldwide agency network can visit its <a href=\"https:\/\/prgn.cullencommunications.ie\/es_es\/pr-agencies\/\" target=\"_blank\" rel=\"noopener\">Agency Directory section<\/a> for more information.<\/p>\n<p>Independent agencies interested in joining the network can visit the <a href=\"https:\/\/prgn.cullencommunications.ie\/es_es\/member-recruitment\/\" target=\"_blank\" rel=\"noopener\">member recruitment section<\/a> of the PRGN website for more information.<\/p>","protected":false},"excerpt":{"rendered":"<p>Warsaw-based integrated communications agency adds strategic PR, digital and research capabilities to PRGN\u2019s growing roster (WARSAW \/ BRUSSELS \/ NEW YORK, April 22, 2026) \u2013 The Public Relations Global Network (PRGN) announced today that K+ Group, a Warsaw-based integrated communications agency, has joined the network as its member agency in Poland. The addition gives PRGN [&hellip;]<\/p>\n","protected":false},"author":76,"featured_media":2482358,"comment_status":"closed","ping_status":"closed","sticky":false,"template":"","format":"standard","meta":{"_acf_changed":false,"_et_pb_use_builder":"","_et_pb_old_content":"","_et_gb_content_width":"","episode_type":"","audio_file":"","podmotor_file_id":"","podmotor_episode_id":"","cover_image":"","cover_image_id":"","duration":"","filesize":"","filesize_raw":"","date_recorded":"","explicit":"","block":"","itunes_episode_number":"","itunes_title":"","itunes_season_number":"","itunes_episode_type":"","footnotes":""},"categories":[1256,1272,1544,1296],"tags":[3013,2674,1267,1505,2676],"coauthors":[1817],"class_list":["post-2482307","post","type-post","status-publish","format-standard","has-post-thumbnail","hentry","category-news","category-pr-tips-trends","category-public-affairs","category-public-relations","tag-k-group","tag-poland-pr","tag-prgn","tag-public-relations-global-network","tag-warsaw-agency"],"acf":[],"yoast_head":"<!-- This site is optimized with the Yoast SEO plugin v27.4 - https:\/\/yoast.com\/product\/yoast-seo-wordpress\/ -->\n<title>K+ Group Joins PRGN, Expanding Global Network\u2019s Presence in Central Europe - PRGN<\/title>\n<meta name=\"description\" content=\"PRGN welcomes K+ Group as its newest member agency in Poland, bringing expertise in corporate PR, digital marketing, and research.\" \/>\n<meta name=\"robots\" content=\"index, follow, max-snippet:-1, max-image-preview:large, max-video-preview:-1\" \/>\n<link rel=\"canonical\" href=\"https:\/\/prgn.cullencommunications.ie\/es_es\/news\/k-group-joins-prgn-poland\/\" \/>\n<meta property=\"og:locale\" content=\"es_ES\" \/>\n<meta property=\"og:type\" content=\"article\" \/>\n<meta property=\"og:title\" content=\"K+ Group Joins PRGN, Expanding Global Network\u2019s Presence in Central Europe - PRGN\" \/>\n<meta property=\"og:description\" content=\"PRGN welcomes K+ Group as its newest member agency in Poland, bringing expertise in corporate PR, digital marketing, and research.\" \/>\n<meta property=\"og:url\" content=\"https:\/\/prgn.cullencommunications.ie\/es_es\/news\/k-group-joins-prgn-poland\/\" \/>\n<meta property=\"og:site_name\" content=\"PRGN\" \/>\n<meta property=\"article:published_time\" content=\"2026-04-22T07:59:27+00:00\" \/>\n<meta property=\"article:modified_time\" content=\"2026-04-27T16:12:53+00:00\" \/>\n<meta property=\"og:image\" content=\"https:\/\/prgn.cullencommunications.ie\/wp-content\/uploads\/2026\/04\/K-Group-Joins-PRGN.jpg\" \/>\n\t<meta property=\"og:image:width\" content=\"2048\" \/>\n\t<meta property=\"og:image:height\" content=\"1070\" \/>\n\t<meta property=\"og:image:type\" content=\"image\/jpeg\" \/>\n<meta name=\"author\" content=\"PRGN Admin\" \/>\n<meta name=\"twitter:card\" content=\"summary_large_image\" \/>\n<meta name=\"twitter:label1\" content=\"Escrito por\" \/>\n\t<meta name=\"twitter:data1\" content=\"PRGN Admin\" \/>\n\t<meta name=\"twitter:label2\" content=\"Tiempo de lectura\" \/>\n\t<meta name=\"twitter:data2\" content=\"1 minuto\" \/>\n\t<meta name=\"twitter:label3\" content=\"Written by\" \/>\n\t<meta name=\"twitter:data3\" content=\"PRGN Admin\" \/>\n<script type=\"application\/ld+json\" class=\"yoast-schema-graph\">{\"@context\":\"https:\\\/\\\/schema.org\",\"@graph\":[{\"@type\":\"Article\",\"@id\":\"https:\\\/\\\/prgn.cullencommunications.ie\\\/news\\\/k-group-joins-prgn-poland\\\/#article\",\"isPartOf\":{\"@id\":\"https:\\\/\\\/prgn.cullencommunications.ie\\\/news\\\/k-group-joins-prgn-poland\\\/\"},\"author\":{\"name\":\"PRGN Admin\",\"@id\":\"https:\\\/\\\/prgn.cullencommunications.ie\\\/#\\\/schema\\\/person\\\/4e8149167968fed097327214ce3987a6\"},\"headline\":\"K+ Group Joins PRGN, Expanding Global Network\u2019s Presence in Central Europe\",\"datePublished\":\"2026-04-22T07:59:27+00:00\",\"dateModified\":\"2026-04-27T16:12:53+00:00\",\"mainEntityOfPage\":{\"@id\":\"https:\\\/\\\/prgn.cullencommunications.ie\\\/news\\\/k-group-joins-prgn-poland\\\/\"},\"wordCount\":183,\"publisher\":{\"@id\":\"https:\\\/\\\/prgn.cullencommunications.ie\\\/#organization\"},\"image\":{\"@id\":\"https:\\\/\\\/prgn.cullencommunications.ie\\\/news\\\/k-group-joins-prgn-poland\\\/#primaryimage\"},\"thumbnailUrl\":\"https:\\\/\\\/prgn.cullencommunications.ie\\\/wp-content\\\/uploads\\\/2026\\\/04\\\/K-Group-Joins-PRGN.jpg\",\"keywords\":[\"K+ Group\",\"Poland PR\",\"PRGN\",\"Public Relations Global Network\",\"Warsaw agency\"],\"articleSection\":[\"News\",\"PR Tips &amp; Trends\",\"Public Affairs\",\"Public Relations\"],\"inLanguage\":\"es\"},{\"@type\":\"WebPage\",\"@id\":\"https:\\\/\\\/prgn.cullencommunications.ie\\\/news\\\/k-group-joins-prgn-poland\\\/\",\"url\":\"https:\\\/\\\/prgn.cullencommunications.ie\\\/news\\\/k-group-joins-prgn-poland\\\/\",\"name\":\"K+ Group Joins PRGN, Expanding Global Network\u2019s Presence in Central Europe - PRGN\",\"isPartOf\":{\"@id\":\"https:\\\/\\\/prgn.cullencommunications.ie\\\/#website\"},\"primaryImageOfPage\":{\"@id\":\"https:\\\/\\\/prgn.cullencommunications.ie\\\/news\\\/k-group-joins-prgn-poland\\\/#primaryimage\"},\"image\":{\"@id\":\"https:\\\/\\\/prgn.cullencommunications.ie\\\/news\\\/k-group-joins-prgn-poland\\\/#primaryimage\"},\"thumbnailUrl\":\"https:\\\/\\\/prgn.cullencommunications.ie\\\/wp-content\\\/uploads\\\/2026\\\/04\\\/K-Group-Joins-PRGN.jpg\",\"datePublished\":\"2026-04-22T07:59:27+00:00\",\"dateModified\":\"2026-04-27T16:12:53+00:00\",\"description\":\"PRGN welcomes K+ Group as its newest member agency in Poland, bringing expertise in corporate PR, digital marketing, and research.\",\"inLanguage\":\"es\",\"potentialAction\":[{\"@type\":\"ReadAction\",\"target\":[\"https:\\\/\\\/prgn.cullencommunications.ie\\\/news\\\/k-group-joins-prgn-poland\\\/\"]}]},{\"@type\":\"ImageObject\",\"inLanguage\":\"es\",\"@id\":\"https:\\\/\\\/prgn.cullencommunications.ie\\\/news\\\/k-group-joins-prgn-poland\\\/#primaryimage\",\"url\":\"https:\\\/\\\/prgn.cullencommunications.ie\\\/wp-content\\\/uploads\\\/2026\\\/04\\\/K-Group-Joins-PRGN.jpg\",\"contentUrl\":\"https:\\\/\\\/prgn.cullencommunications.ie\\\/wp-content\\\/uploads\\\/2026\\\/04\\\/K-Group-Joins-PRGN.jpg\",\"width\":2048,\"height\":1070},{\"@type\":\"WebSite\",\"@id\":\"https:\\\/\\\/prgn.cullencommunications.ie\\\/#website\",\"url\":\"https:\\\/\\\/prgn.cullencommunications.ie\\\/\",\"name\":\"PRGN\",\"description\":\"The World&#039;s Local Agency\",\"publisher\":{\"@id\":\"https:\\\/\\\/prgn.cullencommunications.ie\\\/#organization\"},\"potentialAction\":[{\"@type\":\"SearchAction\",\"target\":{\"@type\":\"EntryPoint\",\"urlTemplate\":\"https:\\\/\\\/prgn.cullencommunications.ie\\\/?s={search_term_string}\"},\"query-input\":{\"@type\":\"PropertyValueSpecification\",\"valueRequired\":true,\"valueName\":\"search_term_string\"}}],\"inLanguage\":\"es\"},{\"@type\":\"Organization\",\"@id\":\"https:\\\/\\\/prgn.cullencommunications.ie\\\/#organization\",\"name\":\"PRGN\",\"url\":\"https:\\\/\\\/prgn.cullencommunications.ie\\\/\",\"logo\":{\"@type\":\"ImageObject\",\"inLanguage\":\"es\",\"@id\":\"https:\\\/\\\/prgn.cullencommunications.ie\\\/#\\\/schema\\\/logo\\\/image\\\/\",\"url\":\"https:\\\/\\\/prgn.cullencommunications.ie\\\/wp-content\\\/uploads\\\/2022\\\/07\\\/WhatsApp-Image-2022-07-15-at-12.08.11-PM.jpeg\",\"contentUrl\":\"https:\\\/\\\/prgn.cullencommunications.ie\\\/wp-content\\\/uploads\\\/2022\\\/07\\\/WhatsApp-Image-2022-07-15-at-12.08.11-PM.jpeg\",\"width\":1200,\"height\":628,\"caption\":\"PRGN\"},\"image\":{\"@id\":\"https:\\\/\\\/prgn.cullencommunications.ie\\\/#\\\/schema\\\/logo\\\/image\\\/\"}},{\"@type\":\"Person\",\"@id\":\"https:\\\/\\\/prgn.cullencommunications.ie\\\/#\\\/schema\\\/person\\\/4e8149167968fed097327214ce3987a6\",\"name\":\"PRGN Admin\",\"image\":{\"@type\":\"ImageObject\",\"inLanguage\":\"es\",\"@id\":\"https:\\\/\\\/prgn.cullencommunications.ie\\\/wp-content\\\/uploads\\\/2021\\\/06\\\/using-gravatar-60x60-1.pngc50528d8fbb4ddf30acaae5177c2b45d\",\"url\":\"https:\\\/\\\/prgn.cullencommunications.ie\\\/wp-content\\\/uploads\\\/2021\\\/06\\\/using-gravatar-60x60-1.png\",\"contentUrl\":\"https:\\\/\\\/prgn.cullencommunications.ie\\\/wp-content\\\/uploads\\\/2021\\\/06\\\/using-gravatar-60x60-1.png\",\"caption\":\"PRGN Admin\"},\"url\":\"https:\\\/\\\/prgn.cullencommunications.ie\\\/es_es\\\/author\\\/prgn-admin\\\/\"}]}<\/script>\n<!-- \/ Yoast SEO plugin. -->","yoast_head_json":{"title":"K+ Group Joins PRGN, Expanding Global Network\u2019s Presence in Central Europe - PRGN","description":"PRGN welcomes K+ Group as its newest member agency in Poland, bringing expertise in corporate PR, digital marketing, and research.","robots":{"index":"index","follow":"follow","max-snippet":"max-snippet:-1","max-image-preview":"max-image-preview:large","max-video-preview":"max-video-preview:-1"},"canonical":"https:\/\/prgn.cullencommunications.ie\/es_es\/news\/k-group-joins-prgn-poland\/","og_locale":"es_ES","og_type":"article","og_title":"K+ Group Joins PRGN, Expanding Global Network\u2019s Presence in Central Europe - PRGN","og_description":"PRGN welcomes K+ Group as its newest member agency in Poland, bringing expertise in corporate PR, digital marketing, and research.","og_url":"https:\/\/prgn.cullencommunications.ie\/es_es\/news\/k-group-joins-prgn-poland\/","og_site_name":"PRGN","article_published_time":"2026-04-22T07:59:27+00:00","article_modified_time":"2026-04-27T16:12:53+00:00","og_image":[{"width":2048,"height":1070,"url":"https:\/\/prgn.cullencommunications.ie\/wp-content\/uploads\/2026\/04\/K-Group-Joins-PRGN.jpg","type":"image\/jpeg"}],"author":"PRGN Admin","twitter_card":"summary_large_image","twitter_misc":{"Escrito por":"PRGN Admin","Tiempo de lectura":"1 minuto","Written by":"PRGN Admin"},"schema":{"@context":"https:\/\/schema.org","@graph":[{"@type":"Article","@id":"https:\/\/prgn.cullencommunications.ie\/news\/k-group-joins-prgn-poland\/#article","isPartOf":{"@id":"https:\/\/prgn.cullencommunications.ie\/news\/k-group-joins-prgn-poland\/"},"author":{"name":"PRGN Admin","@id":"https:\/\/prgn.cullencommunications.ie\/#\/schema\/person\/4e8149167968fed097327214ce3987a6"},"headline":"K+ Group Joins PRGN, Expanding Global Network\u2019s Presence in Central Europe","datePublished":"2026-04-22T07:59:27+00:00","dateModified":"2026-04-27T16:12:53+00:00","mainEntityOfPage":{"@id":"https:\/\/prgn.cullencommunications.ie\/news\/k-group-joins-prgn-poland\/"},"wordCount":183,"publisher":{"@id":"https:\/\/prgn.cullencommunications.ie\/#organization"},"image":{"@id":"https:\/\/prgn.cullencommunications.ie\/news\/k-group-joins-prgn-poland\/#primaryimage"},"thumbnailUrl":"https:\/\/prgn.cullencommunications.ie\/wp-content\/uploads\/2026\/04\/K-Group-Joins-PRGN.jpg","keywords":["K+ Group","Poland PR","PRGN","Public Relations Global Network","Warsaw agency"],"articleSection":["News","PR Tips &amp; Trends","Public Affairs","Public Relations"],"inLanguage":"es"},{"@type":"WebPage","@id":"https:\/\/prgn.cullencommunications.ie\/news\/k-group-joins-prgn-poland\/","url":"https:\/\/prgn.cullencommunications.ie\/news\/k-group-joins-prgn-poland\/","name":"K+ Group Joins PRGN, Expanding Global Network\u2019s Presence in Central Europe - PRGN","isPartOf":{"@id":"https:\/\/prgn.cullencommunications.ie\/#website"},"primaryImageOfPage":{"@id":"https:\/\/prgn.cullencommunications.ie\/news\/k-group-joins-prgn-poland\/#primaryimage"},"image":{"@id":"https:\/\/prgn.cullencommunications.ie\/news\/k-group-joins-prgn-poland\/#primaryimage"},"thumbnailUrl":"https:\/\/prgn.cullencommunications.ie\/wp-content\/uploads\/2026\/04\/K-Group-Joins-PRGN.jpg","datePublished":"2026-04-22T07:59:27+00:00","dateModified":"2026-04-27T16:12:53+00:00","description":"PRGN welcomes K+ Group as its newest member agency in Poland, bringing expertise in corporate PR, digital marketing, and research.","inLanguage":"es","potentialAction":[{"@type":"ReadAction","target":["https:\/\/prgn.cullencommunications.ie\/news\/k-group-joins-prgn-poland\/"]}]},{"@type":"ImageObject","inLanguage":"es","@id":"https:\/\/prgn.cullencommunications.ie\/news\/k-group-joins-prgn-poland\/#primaryimage","url":"https:\/\/prgn.cullencommunications.ie\/wp-content\/uploads\/2026\/04\/K-Group-Joins-PRGN.jpg","contentUrl":"https:\/\/prgn.cullencommunications.ie\/wp-content\/uploads\/2026\/04\/K-Group-Joins-PRGN.jpg","width":2048,"height":1070},{"@type":"WebSite","@id":"https:\/\/prgn.cullencommunications.ie\/#website","url":"https:\/\/prgn.cullencommunications.ie\/","name":"PRGN","description":"The World&#039;s Local Agency","publisher":{"@id":"https:\/\/prgn.cullencommunications.ie\/#organization"},"potentialAction":[{"@type":"SearchAction","target":{"@type":"EntryPoint","urlTemplate":"https:\/\/prgn.cullencommunications.ie\/?s={search_term_string}"},"query-input":{"@type":"PropertyValueSpecification","valueRequired":true,"valueName":"search_term_string"}}],"inLanguage":"es"},{"@type":"Organization","@id":"https:\/\/prgn.cullencommunications.ie\/#organization","name":"PRGN","url":"https:\/\/prgn.cullencommunications.ie\/","logo":{"@type":"ImageObject","inLanguage":"es","@id":"https:\/\/prgn.cullencommunications.ie\/#\/schema\/logo\/image\/","url":"https:\/\/prgn.cullencommunications.ie\/wp-content\/uploads\/2022\/07\/WhatsApp-Image-2022-07-15-at-12.08.11-PM.jpeg","contentUrl":"https:\/\/prgn.cullencommunications.ie\/wp-content\/uploads\/2022\/07\/WhatsApp-Image-2022-07-15-at-12.08.11-PM.jpeg","width":1200,"height":628,"caption":"PRGN"},"image":{"@id":"https:\/\/prgn.cullencommunications.ie\/#\/schema\/logo\/image\/"}},{"@type":"Person","@id":"https:\/\/prgn.cullencommunications.ie\/#\/schema\/person\/4e8149167968fed097327214ce3987a6","name":"PRGN Admin","image":{"@type":"ImageObject","inLanguage":"es","@id":"https:\/\/prgn.cullencommunications.ie\/wp-content\/uploads\/2021\/06\/using-gravatar-60x60-1.pngc50528d8fbb4ddf30acaae5177c2b45d","url":"https:\/\/prgn.cullencommunications.ie\/wp-content\/uploads\/2021\/06\/using-gravatar-60x60-1.png","contentUrl":"https:\/\/prgn.cullencommunications.ie\/wp-content\/uploads\/2021\/06\/using-gravatar-60x60-1.png","caption":"PRGN Admin"},"url":"https:\/\/prgn.cullencommunications.ie\/es_es\/author\/prgn-admin\/"}]}},"_links":{"self":[{"href":"https:\/\/prgn.cullencommunications.ie\/es_es\/wp-json\/wp\/v2\/posts\/2482307","targetHints":{"allow":["GET"]}}],"collection":[{"href":"https:\/\/prgn.cullencommunications.ie\/es_es\/wp-json\/wp\/v2\/posts"}],"about":[{"href":"https:\/\/prgn.cullencommunications.ie\/es_es\/wp-json\/wp\/v2\/types\/post"}],"author":[{"embeddable":true,"href":"https:\/\/prgn.cullencommunications.ie\/es_es\/wp-json\/wp\/v2\/users\/76"}],"replies":[{"embeddable":true,"href":"https:\/\/prgn.cullencommunications.ie\/es_es\/wp-json\/wp\/v2\/comments?post=2482307"}],"version-history":[{"count":1,"href":"https:\/\/prgn.cullencommunications.ie\/es_es\/wp-json\/wp\/v2\/posts\/2482307\/revisions"}],"predecessor-version":[{"id":2482308,"href":"https:\/\/prgn.cullencommunications.ie\/es_es\/wp-json\/wp\/v2\/posts\/2482307\/revisions\/2482308"}],"wp:featuredmedia":[{"embeddable":true,"href":"https:\/\/prgn.cullencommunications.ie\/es_es\/wp-json\/wp\/v2\/media\/2482358"}],"wp:attachment":[{"href":"https:\/\/prgn.cullencommunications.ie\/es_es\/wp-json\/wp\/v2\/media?parent=2482307"}],"wp:term":[{"taxonomy":"category","embeddable":true,"href":"https:\/\/prgn.cullencommunications.ie\/es_es\/wp-json\/wp\/v2\/categories?post=2482307"},{"taxonomy":"post_tag","embeddable":true,"href":"https:\/\/prgn.cullencommunications.ie\/es_es\/wp-json\/wp\/v2\/tags?post=2482307"},{"taxonomy":"author","embeddable":true,"href":"https:\/\/prgn.cullencommunications.ie\/es_es\/wp-json\/wp\/v2\/coauthors?post=2482307"}],"curies":[{"name":"wp","href":"https:\/\/api.w.org\/{rel}","templated":true}]}}