{"id":2482304,"date":"2026-02-26T09:41:34","date_gmt":"2026-02-26T09:41:34","guid":{"rendered":"https:\/\/prgn.com\/?p=2480081"},"modified":"2026-02-26T09:41:34","modified_gmt":"2026-02-26T09:41:34","slug":"prgn-names-greenough-communications-its-boston-member","status":"publish","type":"post","link":"https:\/\/prgn.cullencommunications.ie\/es_es\/news\/prgn-names-greenough-communications-its-boston-member\/","title":{"rendered":"PRGN Names Greenough Communications Its Boston Member"},"content":{"rendered":"<h2>New agency strengthens PRGN\u2019s U.S. bench in tech and healthcare as brands face faster reputation cycles and rising regulatory scrutiny<\/h2>\n<p>(BOSTON \/ NEW YORK \/ BRUSSELS) \u2013 The <strong>Public Relations Global Network (PRGN)<\/strong> today announced that <strong>Greenough Communications<\/strong> has joined as its Boston member agency, expanding the network\u2019s ability to deliver brand marketing, communications, and digital growth programs for clients worldwide.<\/p>\n<p>Headquartered in Boston, <a href=\"https:\/\/prgn.cullencommunications.ie\/es_es\/agency\/greenough-communications\/\" target=\"_blank\" rel=\"noopener\">Greenough Communications<\/a> supports fast-growth startups and global enterprises across technology, healthcare, life sciences, and the climate transition through an integrated model that drives reputation, brand, and growth.<\/p>\n<p>With the addition of Greenough, PRGN continues its proactive growth strategy following the addition of new member agencies in <a href=\"https:\/\/prgn.cullencommunications.ie\/es_es\/news\/prgn-welcomes-rooster-as-newest-member-agency-in-london\/\" target=\"_blank\" rel=\"noopener\">the UK<\/a>, <a href=\"https:\/\/prgn.cullencommunications.ie\/es_es\/news\/prgn-adds-new-member-agencies-in-paris-and-bogota\/\" target=\"_blank\" rel=\"noopener\">France and Colombia<\/a>.<\/p>\n<div id=\"attachment_2479892\" style=\"width: 160px\" class=\"wp-caption alignleft\"><img loading=\"lazy\" decoding=\"async\" aria-describedby=\"caption-attachment-2479892\" class=\"wp-image-2479892 size-thumbnail\" src=\"https:\/\/prgn.cullencommunications.ie\/wp-content\/uploads\/2025\/11\/Frederic-Francois-BW-150x150.jpeg\" alt=\"Frederic Francois\" width=\"150\" height=\"150\" \/><p id=\"caption-attachment-2479892\" class=\"wp-caption-text\">Fr\u00e9d\u00e9ric Fran\u00e7ois<\/p><\/div>\n<p>&#8220;Greenough\u2019s team brings a fresh approach to digital and AI-powered communications,\u201d said Fr\u00e9d\u00e9ric Fran\u00e7ois, <strong>President of PRGN<\/strong> and managing partner of <strong>two cents<\/strong> in Belgium and the Netherlands. \u201cTheir experience with both new technology and established brands will not only help our network offer even more to clients who want to stand out in today\u2019s fast-changing media world but increases our reach in the U.S. market as well.\u201d<\/p>\n<p>Greenough\u2019s work includes programs spanning brand, corporate communications, and demand-driving digital initiatives for clients including <a href=\"https:\/\/www.symplr.com\/\" target=\"_blank\" rel=\"noopener\">symplr<\/a>, <a href=\"https:\/\/www.ameresco.com\/\" target=\"_blank\" rel=\"noopener\">Ameresco<\/a>, <a href=\"https:\/\/www.quidelortho.com\/\" target=\"_blank\" rel=\"noopener\">QuidelOrtho<\/a>, <a href=\"https:\/\/inmarket.com\/\" target=\"_blank\" rel=\"noopener\">InMarket<\/a>, <a href=\"https:\/\/www.staffboom.com\/\" target=\"_blank\" rel=\"noopener\">Staff Boom<\/a>, <a href=\"https:\/\/www.integritygp.com\/\" target=\"_blank\" rel=\"noopener\">Integrity Growth Partners<\/a> and <a href=\"https:\/\/www.catchpoint.com\/\" target=\"_blank\" rel=\"noopener\">Catchpoint<\/a>.<\/p>\n<div id=\"attachment_2480059\" style=\"width: 160px\" class=\"wp-caption alignleft\"><img loading=\"lazy\" decoding=\"async\" aria-describedby=\"caption-attachment-2480059\" class=\"wp-image-2480059 size-thumbnail\" src=\"https:\/\/prgn.cullencommunications.ie\/wp-content\/uploads\/2026\/02\/Nikki-Festa-OBrien_Greenough-150x150.jpeg\" alt=\"Nikki Festa O'Brien\" width=\"150\" height=\"150\" \/><p id=\"caption-attachment-2480059\" class=\"wp-caption-text\">Nikki Festa O\u2019Brien<\/p><\/div>\n<p>&#8220;PRGN is building one of the most dynamic and future-focused global agency networks in the industry,\u201d said Nikki Festa O\u2019Brien, CEO of Greenough Communications. \u201cFrom its AI, digitalization and misinformation task forces to initiatives like the upcoming <a href=\"https:\/\/survey.alchemer.com\/s3\/7993477\/7daa1c74e051?rsrc=prgn\">Influence Insights<\/a> Survey, PRGN is actively challenging how communications is done. Now, as its Boston agency of record, we\u2019re excited to help spotlight a network that not only expands global reach for our clients navigating an increasingly complex media and regulation landscape, but also shares our passion for disrupting markets, paving new ways of working, and fostering meaningful peer-to-peer learning and development.\u201d<\/p>\n<p>With Greenough\u2019s addition, PRGN expands its ability to support clients with cross-channel programs that connect reputation, brand, and growth, particularly in high-stakes, highly regulated sectors.<\/p>\n<p>&#8212;<\/p>\n<p><strong>About Greenough Communications:<\/strong><\/p>\n<p>Greenough Communications is an AI-powered, human-led brand marketing and communications firm serving disruptive and established brands, from high-growth startups to Fortune 500 companies. We help leaders define moments, shape perception, and protect reputation where decisions are made. Named a Top Agency by PR Daily and recognized by Inc. Magazine as a 2025 Best Workplaces honoree and an Inc. Power Partner, Greenough Communications partners with organizations across technology, healthcare, life sciences, and the climate transition, delivering integrated, cross-channel programs designed for speed and impact.<\/p>\n<p>For more information, visit: <a href=\"https:\/\/www.greenoughagency.com\" target=\"_blank\" rel=\"noopener\">https:\/\/www.greenoughagency.com<\/a> and follow Greenough Communications on <a href=\"https:\/\/pr.report\/h2m4\" target=\"_blank\" rel=\"noopener\">LinkedIn<\/a> and <a href=\"https:\/\/pr.report\/h2m5\" target=\"_blank\" rel=\"noopener\">Instagram<\/a>.<\/p>\n<p><strong>About PRGN:<\/strong><\/p>\n<p>Founded in 1992, the Public Relations Global Network (<a href=\"https:\/\/prgn.cullencommunications.ie\/es_es\/\" target=\"_blank\" rel=\"noopener\">PRGN mantiene altos est\u00e1ndares de admisi\u00f3n para garantizar la solidez e integridad de la red<\/a>) is one of the world\u2019s largest international networks of independent public relations and communications agencies, with approximately 900 professionals in more than 60 locations globally. PRGN members are independent, local, owner-operated public relations and marketing communications firms that share expertise and resources while providing broad-based, comprehensive communications strategies to clients worldwide.<\/p>\n<p>Companies or organizations interested in the services of PRGN\u2019s worldwide agency network can visit its <a href=\"https:\/\/prgn.cullencommunications.ie\/es_es\/pr-agencies\/\" target=\"_blank\" rel=\"noopener\">Agency Directory section<\/a> for more information. Independent agencies interested in joining the network can visit the <a href=\"https:\/\/prgn.cullencommunications.ie\/es_es\/member-recruitment\/\" target=\"_blank\" rel=\"noopener\">member recruitment section<\/a> of the PRGN website for more information.<\/p>","protected":false},"excerpt":{"rendered":"<p>New agency strengthens PRGN\u2019s U.S. bench in tech and healthcare as brands face faster reputation cycles and rising regulatory scrutiny (BOSTON \/ NEW YORK \/ BRUSSELS) \u2013 The Public Relations Global Network (PRGN) today announced that Greenough Communications has joined as its Boston member agency, expanding the network\u2019s ability to deliver brand marketing, communications, and [&hellip;]<\/p>\n","protected":false},"author":76,"featured_media":0,"comment_status":"closed","ping_status":"closed","sticky":false,"template":"","format":"standard","meta":{"_acf_changed":false,"_et_pb_use_builder":"","_et_pb_old_content":"","_et_gb_content_width":"","episode_type":"","audio_file":"","podmotor_file_id":"","podmotor_episode_id":"","cover_image":"","cover_image_id":"","duration":"","filesize":"","filesize_raw":"","date_recorded":"","explicit":"","block":"","itunes_episode_number":"","itunes_title":"","itunes_season_number":"","itunes_episode_type":"","footnotes":""},"categories":[1256,1272,1544,1296],"tags":[2477,2474,2475,1520,1505],"coauthors":[1817],"class_list":["post-2482304","post","type-post","status-publish","format-standard","hentry","category-news","category-pr-tips-trends","category-public-affairs","category-public-relations","tag-boston-agency","tag-boston-pr","tag-boston-public-relations","tag-global-public-relations","tag-public-relations-global-network"],"acf":[],"yoast_head":"<!-- This site is optimized with the Yoast SEO plugin v27.5 - https:\/\/yoast.com\/product\/yoast-seo-wordpress\/ -->\n<title>PRGN Names Greenough Communications Its Boston Member - PRGN<\/title>\n<meta name=\"description\" content=\"PRGN Names Greenough Communications Its Boston Member, Expanding AI-Powered Human-Led Digital Capability Across the Network\" \/>\n<meta name=\"robots\" content=\"index, follow, max-snippet:-1, max-image-preview:large, max-video-preview:-1\" \/>\n<link rel=\"canonical\" href=\"https:\/\/prgn.cullencommunications.ie\/es_es\/news\/prgn-names-greenough-communications-its-boston-member\/\" \/>\n<meta property=\"og:locale\" content=\"es_ES\" \/>\n<meta property=\"og:type\" content=\"article\" \/>\n<meta property=\"og:title\" content=\"PRGN Names Greenough Communications Its Boston Member - PRGN\" \/>\n<meta property=\"og:description\" content=\"PRGN Names Greenough Communications Its Boston Member, Expanding AI-Powered Human-Led Digital Capability Across the Network\" \/>\n<meta property=\"og:url\" content=\"https:\/\/prgn.cullencommunications.ie\/es_es\/news\/prgn-names-greenough-communications-its-boston-member\/\" \/>\n<meta property=\"og:site_name\" content=\"PRGN\" \/>\n<meta property=\"article:published_time\" content=\"2026-02-26T09:41:34+00:00\" \/>\n<meta property=\"og:image\" content=\"https:\/\/prgn.cullencommunications.ie\/wp-content\/uploads\/2022\/07\/WhatsApp-Image-2022-07-15-at-12.08.11-PM.jpeg\" \/>\n\t<meta property=\"og:image:width\" content=\"1200\" \/>\n\t<meta property=\"og:image:height\" content=\"628\" \/>\n\t<meta property=\"og:image:type\" content=\"image\/jpeg\" \/>\n<meta name=\"author\" content=\"PRGN Admin\" \/>\n<meta name=\"twitter:card\" content=\"summary_large_image\" \/>\n<meta name=\"twitter:label1\" content=\"Escrito por\" \/>\n\t<meta name=\"twitter:data1\" content=\"PRGN Admin\" \/>\n\t<meta name=\"twitter:label2\" content=\"Tiempo de lectura\" \/>\n\t<meta name=\"twitter:data2\" content=\"3 minutos\" \/>\n\t<meta name=\"twitter:label3\" content=\"Written by\" \/>\n\t<meta name=\"twitter:data3\" content=\"PRGN Admin\" \/>\n<script type=\"application\/ld+json\" class=\"yoast-schema-graph\">{\"@context\":\"https:\\\/\\\/schema.org\",\"@graph\":[{\"@type\":\"Article\",\"@id\":\"https:\\\/\\\/prgn.cullencommunications.ie\\\/news\\\/prgn-names-greenough-communications-its-boston-member\\\/#article\",\"isPartOf\":{\"@id\":\"https:\\\/\\\/prgn.cullencommunications.ie\\\/news\\\/prgn-names-greenough-communications-its-boston-member\\\/\"},\"author\":{\"name\":\"PRGN Admin\",\"@id\":\"https:\\\/\\\/prgn.cullencommunications.ie\\\/#\\\/schema\\\/person\\\/4e8149167968fed097327214ce3987a6\"},\"headline\":\"PRGN Names Greenough Communications Its Boston Member\",\"datePublished\":\"2026-02-26T09:41:34+00:00\",\"mainEntityOfPage\":{\"@id\":\"https:\\\/\\\/prgn.cullencommunications.ie\\\/news\\\/prgn-names-greenough-communications-its-boston-member\\\/\"},\"wordCount\":576,\"publisher\":{\"@id\":\"https:\\\/\\\/prgn.cullencommunications.ie\\\/#organization\"},\"image\":{\"@id\":\"https:\\\/\\\/prgn.cullencommunications.ie\\\/news\\\/prgn-names-greenough-communications-its-boston-member\\\/#primaryimage\"},\"thumbnailUrl\":\"https:\\\/\\\/prgn.cullencommunications.ie\\\/wp-content\\\/uploads\\\/2025\\\/11\\\/Frederic-Francois-BW-150x150.jpeg\",\"keywords\":[\"Boston agency\",\"Boston PR\",\"Boston Public Relations\",\"Global Public Relations\",\"Public Relations Global Network\"],\"articleSection\":[\"News\",\"PR Tips &amp; Trends\",\"Public Affairs\",\"Public Relations\"],\"inLanguage\":\"es\"},{\"@type\":\"WebPage\",\"@id\":\"https:\\\/\\\/prgn.cullencommunications.ie\\\/news\\\/prgn-names-greenough-communications-its-boston-member\\\/\",\"url\":\"https:\\\/\\\/prgn.cullencommunications.ie\\\/news\\\/prgn-names-greenough-communications-its-boston-member\\\/\",\"name\":\"PRGN Names Greenough Communications Its Boston Member - PRGN\",\"isPartOf\":{\"@id\":\"https:\\\/\\\/prgn.cullencommunications.ie\\\/#website\"},\"primaryImageOfPage\":{\"@id\":\"https:\\\/\\\/prgn.cullencommunications.ie\\\/news\\\/prgn-names-greenough-communications-its-boston-member\\\/#primaryimage\"},\"image\":{\"@id\":\"https:\\\/\\\/prgn.cullencommunications.ie\\\/news\\\/prgn-names-greenough-communications-its-boston-member\\\/#primaryimage\"},\"thumbnailUrl\":\"https:\\\/\\\/prgn.cullencommunications.ie\\\/wp-content\\\/uploads\\\/2025\\\/11\\\/Frederic-Francois-BW-150x150.jpeg\",\"datePublished\":\"2026-02-26T09:41:34+00:00\",\"description\":\"PRGN Names Greenough Communications Its Boston Member, Expanding AI-Powered Human-Led Digital Capability Across the Network\",\"inLanguage\":\"es\",\"potentialAction\":[{\"@type\":\"ReadAction\",\"target\":[\"https:\\\/\\\/prgn.cullencommunications.ie\\\/news\\\/prgn-names-greenough-communications-its-boston-member\\\/\"]}]},{\"@type\":\"ImageObject\",\"inLanguage\":\"es\",\"@id\":\"https:\\\/\\\/prgn.cullencommunications.ie\\\/news\\\/prgn-names-greenough-communications-its-boston-member\\\/#primaryimage\",\"url\":\"https:\\\/\\\/prgn.cullencommunications.ie\\\/wp-content\\\/uploads\\\/2025\\\/11\\\/Frederic-Francois-BW-150x150.jpeg\",\"contentUrl\":\"https:\\\/\\\/prgn.cullencommunications.ie\\\/wp-content\\\/uploads\\\/2025\\\/11\\\/Frederic-Francois-BW-150x150.jpeg\"},{\"@type\":\"WebSite\",\"@id\":\"https:\\\/\\\/prgn.cullencommunications.ie\\\/#website\",\"url\":\"https:\\\/\\\/prgn.cullencommunications.ie\\\/\",\"name\":\"PRGN\",\"description\":\"The World&#039;s Local Agency\",\"publisher\":{\"@id\":\"https:\\\/\\\/prgn.cullencommunications.ie\\\/#organization\"},\"potentialAction\":[{\"@type\":\"SearchAction\",\"target\":{\"@type\":\"EntryPoint\",\"urlTemplate\":\"https:\\\/\\\/prgn.cullencommunications.ie\\\/?s={search_term_string}\"},\"query-input\":{\"@type\":\"PropertyValueSpecification\",\"valueRequired\":true,\"valueName\":\"search_term_string\"}}],\"inLanguage\":\"es\"},{\"@type\":\"Organization\",\"@id\":\"https:\\\/\\\/prgn.cullencommunications.ie\\\/#organization\",\"name\":\"PRGN\",\"url\":\"https:\\\/\\\/prgn.cullencommunications.ie\\\/\",\"logo\":{\"@type\":\"ImageObject\",\"inLanguage\":\"es\",\"@id\":\"https:\\\/\\\/prgn.cullencommunications.ie\\\/#\\\/schema\\\/logo\\\/image\\\/\",\"url\":\"https:\\\/\\\/prgn.cullencommunications.ie\\\/wp-content\\\/uploads\\\/2022\\\/07\\\/WhatsApp-Image-2022-07-15-at-12.08.11-PM.jpeg\",\"contentUrl\":\"https:\\\/\\\/prgn.cullencommunications.ie\\\/wp-content\\\/uploads\\\/2022\\\/07\\\/WhatsApp-Image-2022-07-15-at-12.08.11-PM.jpeg\",\"width\":1200,\"height\":628,\"caption\":\"PRGN\"},\"image\":{\"@id\":\"https:\\\/\\\/prgn.cullencommunications.ie\\\/#\\\/schema\\\/logo\\\/image\\\/\"}},{\"@type\":\"Person\",\"@id\":\"https:\\\/\\\/prgn.cullencommunications.ie\\\/#\\\/schema\\\/person\\\/4e8149167968fed097327214ce3987a6\",\"name\":\"PRGN Admin\",\"image\":{\"@type\":\"ImageObject\",\"inLanguage\":\"es\",\"@id\":\"https:\\\/\\\/prgn.cullencommunications.ie\\\/wp-content\\\/uploads\\\/2021\\\/06\\\/using-gravatar-60x60-1.pngc50528d8fbb4ddf30acaae5177c2b45d\",\"url\":\"https:\\\/\\\/prgn.cullencommunications.ie\\\/wp-content\\\/uploads\\\/2021\\\/06\\\/using-gravatar-60x60-1.png\",\"contentUrl\":\"https:\\\/\\\/prgn.cullencommunications.ie\\\/wp-content\\\/uploads\\\/2021\\\/06\\\/using-gravatar-60x60-1.png\",\"caption\":\"PRGN Admin\"},\"url\":\"https:\\\/\\\/prgn.cullencommunications.ie\\\/es_es\\\/author\\\/prgn-admin\\\/\"}]}<\/script>\n<!-- \/ Yoast SEO plugin. -->","yoast_head_json":{"title":"PRGN Names Greenough Communications Its Boston Member - PRGN","description":"PRGN Names Greenough Communications Its Boston Member, Expanding AI-Powered Human-Led Digital Capability Across the Network","robots":{"index":"index","follow":"follow","max-snippet":"max-snippet:-1","max-image-preview":"max-image-preview:large","max-video-preview":"max-video-preview:-1"},"canonical":"https:\/\/prgn.cullencommunications.ie\/es_es\/news\/prgn-names-greenough-communications-its-boston-member\/","og_locale":"es_ES","og_type":"article","og_title":"PRGN Names Greenough Communications Its Boston Member - PRGN","og_description":"PRGN Names Greenough Communications Its Boston Member, Expanding AI-Powered Human-Led Digital Capability Across the Network","og_url":"https:\/\/prgn.cullencommunications.ie\/es_es\/news\/prgn-names-greenough-communications-its-boston-member\/","og_site_name":"PRGN","article_published_time":"2026-02-26T09:41:34+00:00","og_image":[{"width":1200,"height":628,"url":"https:\/\/prgn.cullencommunications.ie\/wp-content\/uploads\/2022\/07\/WhatsApp-Image-2022-07-15-at-12.08.11-PM.jpeg","type":"image\/jpeg"}],"author":"PRGN Admin","twitter_card":"summary_large_image","twitter_misc":{"Escrito por":"PRGN Admin","Tiempo de lectura":"3 minutos","Written by":"PRGN Admin"},"schema":{"@context":"https:\/\/schema.org","@graph":[{"@type":"Article","@id":"https:\/\/prgn.cullencommunications.ie\/news\/prgn-names-greenough-communications-its-boston-member\/#article","isPartOf":{"@id":"https:\/\/prgn.cullencommunications.ie\/news\/prgn-names-greenough-communications-its-boston-member\/"},"author":{"name":"PRGN Admin","@id":"https:\/\/prgn.cullencommunications.ie\/#\/schema\/person\/4e8149167968fed097327214ce3987a6"},"headline":"PRGN Names Greenough Communications Its Boston Member","datePublished":"2026-02-26T09:41:34+00:00","mainEntityOfPage":{"@id":"https:\/\/prgn.cullencommunications.ie\/news\/prgn-names-greenough-communications-its-boston-member\/"},"wordCount":576,"publisher":{"@id":"https:\/\/prgn.cullencommunications.ie\/#organization"},"image":{"@id":"https:\/\/prgn.cullencommunications.ie\/news\/prgn-names-greenough-communications-its-boston-member\/#primaryimage"},"thumbnailUrl":"https:\/\/prgn.cullencommunications.ie\/wp-content\/uploads\/2025\/11\/Frederic-Francois-BW-150x150.jpeg","keywords":["Boston agency","Boston PR","Boston Public Relations","Global Public Relations","Public Relations Global Network"],"articleSection":["News","PR Tips &amp; Trends","Public Affairs","Public Relations"],"inLanguage":"es"},{"@type":"WebPage","@id":"https:\/\/prgn.cullencommunications.ie\/news\/prgn-names-greenough-communications-its-boston-member\/","url":"https:\/\/prgn.cullencommunications.ie\/news\/prgn-names-greenough-communications-its-boston-member\/","name":"PRGN Names Greenough Communications Its Boston Member - PRGN","isPartOf":{"@id":"https:\/\/prgn.cullencommunications.ie\/#website"},"primaryImageOfPage":{"@id":"https:\/\/prgn.cullencommunications.ie\/news\/prgn-names-greenough-communications-its-boston-member\/#primaryimage"},"image":{"@id":"https:\/\/prgn.cullencommunications.ie\/news\/prgn-names-greenough-communications-its-boston-member\/#primaryimage"},"thumbnailUrl":"https:\/\/prgn.cullencommunications.ie\/wp-content\/uploads\/2025\/11\/Frederic-Francois-BW-150x150.jpeg","datePublished":"2026-02-26T09:41:34+00:00","description":"PRGN Names Greenough Communications Its Boston Member, Expanding AI-Powered Human-Led Digital Capability Across the Network","inLanguage":"es","potentialAction":[{"@type":"ReadAction","target":["https:\/\/prgn.cullencommunications.ie\/news\/prgn-names-greenough-communications-its-boston-member\/"]}]},{"@type":"ImageObject","inLanguage":"es","@id":"https:\/\/prgn.cullencommunications.ie\/news\/prgn-names-greenough-communications-its-boston-member\/#primaryimage","url":"https:\/\/prgn.cullencommunications.ie\/wp-content\/uploads\/2025\/11\/Frederic-Francois-BW-150x150.jpeg","contentUrl":"https:\/\/prgn.cullencommunications.ie\/wp-content\/uploads\/2025\/11\/Frederic-Francois-BW-150x150.jpeg"},{"@type":"WebSite","@id":"https:\/\/prgn.cullencommunications.ie\/#website","url":"https:\/\/prgn.cullencommunications.ie\/","name":"PRGN mantiene altos est\u00e1ndares de admisi\u00f3n para garantizar la solidez e integridad de la red","description":"The World&#039;s Local Agency","publisher":{"@id":"https:\/\/prgn.cullencommunications.ie\/#organization"},"potentialAction":[{"@type":"SearchAction","target":{"@type":"EntryPoint","urlTemplate":"https:\/\/prgn.cullencommunications.ie\/?s={search_term_string}"},"query-input":{"@type":"PropertyValueSpecification","valueRequired":true,"valueName":"search_term_string"}}],"inLanguage":"es"},{"@type":"Organization","@id":"https:\/\/prgn.cullencommunications.ie\/#organization","name":"PRGN mantiene altos est\u00e1ndares de admisi\u00f3n para garantizar la solidez e integridad de la red","url":"https:\/\/prgn.cullencommunications.ie\/","logo":{"@type":"ImageObject","inLanguage":"es","@id":"https:\/\/prgn.cullencommunications.ie\/#\/schema\/logo\/image\/","url":"https:\/\/prgn.cullencommunications.ie\/wp-content\/uploads\/2022\/07\/WhatsApp-Image-2022-07-15-at-12.08.11-PM.jpeg","contentUrl":"https:\/\/prgn.cullencommunications.ie\/wp-content\/uploads\/2022\/07\/WhatsApp-Image-2022-07-15-at-12.08.11-PM.jpeg","width":1200,"height":628,"caption":"PRGN"},"image":{"@id":"https:\/\/prgn.cullencommunications.ie\/#\/schema\/logo\/image\/"}},{"@type":"Person","@id":"https:\/\/prgn.cullencommunications.ie\/#\/schema\/person\/4e8149167968fed097327214ce3987a6","name":"PRGN Admin","image":{"@type":"ImageObject","inLanguage":"es","@id":"https:\/\/prgn.cullencommunications.ie\/wp-content\/uploads\/2021\/06\/using-gravatar-60x60-1.pngc50528d8fbb4ddf30acaae5177c2b45d","url":"https:\/\/prgn.cullencommunications.ie\/wp-content\/uploads\/2021\/06\/using-gravatar-60x60-1.png","contentUrl":"https:\/\/prgn.cullencommunications.ie\/wp-content\/uploads\/2021\/06\/using-gravatar-60x60-1.png","caption":"PRGN Admin"},"url":"https:\/\/prgn.cullencommunications.ie\/es_es\/author\/prgn-admin\/"}]}},"_links":{"self":[{"href":"https:\/\/prgn.cullencommunications.ie\/es_es\/wp-json\/wp\/v2\/posts\/2482304","targetHints":{"allow":["GET"]}}],"collection":[{"href":"https:\/\/prgn.cullencommunications.ie\/es_es\/wp-json\/wp\/v2\/posts"}],"about":[{"href":"https:\/\/prgn.cullencommunications.ie\/es_es\/wp-json\/wp\/v2\/types\/post"}],"author":[{"embeddable":true,"href":"https:\/\/prgn.cullencommunications.ie\/es_es\/wp-json\/wp\/v2\/users\/76"}],"replies":[{"embeddable":true,"href":"https:\/\/prgn.cullencommunications.ie\/es_es\/wp-json\/wp\/v2\/comments?post=2482304"}],"version-history":[{"count":0,"href":"https:\/\/prgn.cullencommunications.ie\/es_es\/wp-json\/wp\/v2\/posts\/2482304\/revisions"}],"wp:attachment":[{"href":"https:\/\/prgn.cullencommunications.ie\/es_es\/wp-json\/wp\/v2\/media?parent=2482304"}],"wp:term":[{"taxonomy":"category","embeddable":true,"href":"https:\/\/prgn.cullencommunications.ie\/es_es\/wp-json\/wp\/v2\/categories?post=2482304"},{"taxonomy":"post_tag","embeddable":true,"href":"https:\/\/prgn.cullencommunications.ie\/es_es\/wp-json\/wp\/v2\/tags?post=2482304"},{"taxonomy":"author","embeddable":true,"href":"https:\/\/prgn.cullencommunications.ie\/es_es\/wp-json\/wp\/v2\/coauthors?post=2482304"}],"curies":[{"name":"wp","href":"https:\/\/api.w.org\/{rel}","templated":true}]}}