{"id":2482300,"date":"2026-01-15T10:29:42","date_gmt":"2026-01-15T10:29:42","guid":{"rendered":"https:\/\/prgn.com\/?p=2480028"},"modified":"2026-01-15T10:29:42","modified_gmt":"2026-01-15T10:29:42","slug":"prgn-adds-new-member-agencies-in-paris-and-bogota","status":"publish","type":"post","link":"https:\/\/prgn.cullencommunications.ie\/es_es\/news\/prgn-adds-new-member-agencies-in-paris-and-bogota\/","title":{"rendered":"PRGN Adds New Member Agencies in Paris and Bogot\u00e1"},"content":{"rendered":"<h2>Agence Profile and IDDEA Comunicaciones extend PRGN\u2019s reach in Europe and South America<\/h2>\n<p>(NEW YORK \/ LONDON) \u2013 The <strong>Public Relations Global Network (<a href=\"https:\/\/prgn.cullencommunications.ie\/es_es\/\" target=\"_blank\" rel=\"noopener\">PRGN mantiene altos est\u00e1ndares de admisi\u00f3n para garantizar la solidez e integridad de la red<\/a>)<\/strong> announced today that it has added two new member agencies: <strong>Agence Profile<\/strong> in Paris, France, and <strong>IDDEA Comunicaciones<\/strong> in Bogot\u00e1, Colombia. The additions support PRGN\u2019s growth in Europe and its expansion into South America.<\/p>\n<p>PRGN continues to grow its global network, helping clients respond to change in the communications market. <a href=\"https:\/\/prgn.cullencommunications.ie\/es_es\/agency\/agence-profile\/\" target=\"_blank\" rel=\"noopener\">Agence Profile<\/a> brings more than 25 years of work in public relations and digital strategy. <a href=\"https:\/\/prgn.cullencommunications.ie\/es_es\/agency\/iddea-comunicaciones\/\" target=\"_blank\" rel=\"noopener\">IDDEA Comunicaciones<\/a> brings deep strength in strategic communications and public affairs across Latin America.<\/p>\n<div id=\"attachment_2479892\" style=\"width: 160px\" class=\"wp-caption alignleft\"><img loading=\"lazy\" decoding=\"async\" aria-describedby=\"caption-attachment-2479892\" class=\"size-thumbnail wp-image-2479892\" src=\"https:\/\/prgn.cullencommunications.ie\/wp-content\/uploads\/2025\/11\/Frederic-Francois-BW-150x150.jpeg\" alt=\"Frederic Francois\" width=\"150\" height=\"150\" \/><p id=\"caption-attachment-2479892\" class=\"wp-caption-text\">Fr\u00e9d\u00e9ric Fran\u00e7ois<\/p><\/div>\n<p>\u201cFrance and Colombia are both vital markets for our clients,\u201d said <strong>Fr\u00e9d\u00e9ric Fran\u00e7ois, President of PRGN<\/strong> and Managing Partner of <a href=\"https:\/\/prgn.cullencommunications.ie\/es_es\/agency\/two-cents\/\" target=\"_blank\" rel=\"noopener\"><strong>Two cents<\/strong><\/a> in Belgium and the Netherlands. \u201cProfile stands out for its deep knowledge of both traditional PR and digital strategies, while IDDEA brings a unique strength in public affairs and crisis management. By welcoming these agencies, our clients continue to have access to the best local knowledge, expertise and the latest tools, wherever they do business,\u201d Fran\u00e7ois said.<\/p>\n<p>Founded in 2000, Agence Profile has grown to a team of 18 professionals serving brands in finance, consulting, lifestyle sector and tech. The agency is known for a hands-on approach, building custom strategies that help clients stand out in a crowded media space. In 2012, Profile expanded its digital work by acquiring a digital agency and since 2024, its digital projects have been grouped under the \u201cPolarit\u00e9\u201d brand, connecting people in new ways.<\/p>\n<div id=\"attachment_2480005\" style=\"width: 160px\" class=\"wp-caption alignleft\"><img loading=\"lazy\" decoding=\"async\" aria-describedby=\"caption-attachment-2480005\" class=\"size-thumbnail wp-image-2480005\" src=\"https:\/\/prgn.cullencommunications.ie\/wp-content\/uploads\/2026\/01\/PHOTO-NATHALIE-BW-150x150.png\" alt=\"Nathalie Grigorieff\" width=\"150\" height=\"150\" \/><p id=\"caption-attachment-2480005\" class=\"wp-caption-text\">Nathalie Grigorieff Godin<\/p><\/div>\n<p>\u201cJoining PRGN is a big step for Agence Profile and our clients,\u201d said Nathalie Griegorieff Godin, President of Agence Profile. \u201cBy working with PRGN\u2019s global network, we can offer our clients new ideas, broader expertise, and support no matter where they do business,\u201d Griegorieff Godin said.<\/p>\n<p>Based in Bogot\u00e1, Colombia, IDDEA Comunicaciones is a leader in strategic communications, public affairs and crisis management. The agency helps clients in infrastructure, energy, health and finance build trust and manage complex issues. IDDEA\u2019s services include corporate communications, digital strategy, public and regulatory affairs and a \u201clicense to operate\u201d practice that supports companies or projects operating in socially complex and highly regulated environments such as infrastructure, mining, hydrocarbons, or construction. The agency is known for deep analysis of the business and political climate, helping clients shape public opinion and manage tough markets.<\/p>\n<div id=\"attachment_2480001\" style=\"width: 160px\" class=\"wp-caption alignleft\"><img loading=\"lazy\" decoding=\"async\" aria-describedby=\"caption-attachment-2480001\" class=\"size-thumbnail wp-image-2480001\" src=\"https:\/\/prgn.cullencommunications.ie\/wp-content\/uploads\/2026\/01\/Santiago-Arrieta-BW-150x150.jpeg\" alt=\"Santiago Arrieta\" width=\"150\" height=\"150\" \/><p id=\"caption-attachment-2480001\" class=\"wp-caption-text\">Santiago Arrieta<\/p><\/div>\n<p>\u201cBeing part of PRGN lets us connect our clients to a global network of trusted partners,\u201d said Santiago Arrieta, Strategic Director of IDDEA Comunicaciones. \u201cWe believe that meaningful, ethical, and responsible communication is more important than ever, especially in fast-changing markets like Latin America. This partnership gives our clients the tools and support they need to succeed,\u201d Arrieta said.<\/p>\n<p>The addition of Agence Profile and IDDEA Comunicaciones comes as PRGN continues to grow its network across Europe, the Americas and beyond. Recent <a href=\"https:\/\/prgn.cullencommunications.ie\/es_es\/news\/\" target=\"_blank\" rel=\"noopener\">expansions in the UK, Taiwan, Spain and the U.S.<\/a> reflect the network\u2019s focus on digital and artificial intelligence (AI)-driven services, as agencies build new skills to help brands reach people in smarter and more personal ways.<\/p>\n<p>With these new members, PRGN offers stronger support for clients in Continental Europe and South America by pairing local insight with global reach. Members share tools and know-how, helping clients meet new tests and pursue new chances in a fast-changing world.<\/p>\n<p>&#8212;<\/p>\n<p><strong>About PRGN:<\/strong><\/p>\n<p>Founded in 1992, the <strong>Public Relations Global Network (<a href=\"https:\/\/prgn.cullencommunications.ie\/es_es\/\" target=\"_blank\" rel=\"noopener\">PRGN mantiene altos est\u00e1ndares de admisi\u00f3n para garantizar la solidez e integridad de la red<\/a>)<\/strong> is one of the world\u2019s largest international networks of independent public relations and communications agencies, with approximately 900 professionals in more than 60 locations globally. PRGN members are independent, local, owner-operated public relations and marketing communications firms that share expertise and resources while providing broad-based, comprehensive communications strategies to clients worldwide.<\/p>\n<p>Companies or organizations interested in the services of PRGN\u2019s worldwide agency network can visit its <a href=\"https:\/\/prgn.cullencommunications.ie\/es_es\/pr-agencies\/\" target=\"_blank\" rel=\"noopener\">Agency Directory<\/a> section for more information. Independent agencies interested in joining the network can visit the <a href=\"https:\/\/prgn.cullencommunications.ie\/es_es\/member-recruitment\/\" target=\"_blank\" rel=\"noopener\">member recruitment section<\/a> of the PRGN website for more information.<\/p>\n<p><strong>About Agence Profile:<\/strong><\/p>\n<p><strong>Agence Profile<\/strong> is an integrated PR and digital communications agency based in Paris, France. Founded in 2000, the agency has a team of 18 experts who help clients in sectors like tech, finance, industry, lifestyle, and non-profit. Agence Profile is known for its data-driven approach, custom strategies, and commitment to meaningful, ethical communication. The agency\u2019s digital brand, Polarit\u00e9, leads digital projects that connect people and ideas.<\/p>\n<p>For more information, visit <a href=\"https:\/\/www.agence-profile.com\/en\/\" target=\"_blank\" rel=\"noopener\">https:\/\/www.agence-profile.com\/en\/<\/a> and <a href=\"https:\/\/www.agence-polarite.com\/en\/\" target=\"_blank\" rel=\"noopener\">https:\/\/www.agence-polarite.com\/en\/<\/a><span class=\"Apple-converted-space\">\u00a0<\/span><\/p>\n<p><strong>About IDDEA Comunicaciones:<\/strong><\/p>\n<p><strong>IDDEA Comunicaciones<\/strong> is a strategic agency that integrates three business lines: license to operate, corporate communications, and public affairs. \u201cLicense to operate&#8221; requires specific knowledge of the local context and is primarily aimed at companies operating in socially complex and highly regulated environments such as infrastructure, mining, hydrocarbons, or construction.<\/p>\n<p>With a team of 28, IDDEA supports clients by managing their corporate communications channels, including social media and digital presence of client organizations. IDDEA\u2019s work in public affairs goes beyond strategic relationship-building and is primarily focused on supporting clients navigate regulatory challenges. The agency also has a robust design team to assist clients in the final development of communications materials.<\/p>\n<p>For more information, visit <a href=\"https:\/\/www.iddea.com.co\" target=\"_blank\" rel=\"noopener\">https:\/\/www.iddea.com.co<\/a><span class=\"Apple-converted-space\">\u00a0<\/span><\/p>","protected":false},"excerpt":{"rendered":"<p>Agence Profile and IDDEA Comunicaciones extend PRGN\u2019s reach in Europe and South America (NEW YORK \/ LONDON) \u2013 The Public Relations Global Network (PRGN) announced today that it has added two new member agencies: Agence Profile in Paris, France, and IDDEA Comunicaciones in Bogot\u00e1, Colombia. The additions support PRGN\u2019s growth in Europe and its expansion [&hellip;]<\/p>\n","protected":false},"author":76,"featured_media":0,"comment_status":"closed","ping_status":"closed","sticky":false,"template":"","format":"standard","meta":{"_acf_changed":false,"_et_pb_use_builder":"","_et_pb_old_content":"","_et_gb_content_width":"","episode_type":"","audio_file":"","podmotor_file_id":"","podmotor_episode_id":"","cover_image":"","cover_image_id":"","duration":"","filesize":"","filesize_raw":"","date_recorded":"","explicit":"","block":"","itunes_episode_number":"","itunes_title":"","itunes_season_number":"","itunes_episode_type":"","footnotes":""},"categories":[1256,1272,1544,1296],"tags":[],"coauthors":[1817],"class_list":["post-2482300","post","type-post","status-publish","format-standard","hentry","category-news","category-pr-tips-trends","category-public-affairs","category-public-relations"],"acf":[],"yoast_head":"<!-- This site is optimized with the Yoast SEO plugin v27.5 - https:\/\/yoast.com\/product\/yoast-seo-wordpress\/ -->\n<title>PRGN Adds New Member Agencies in Paris and Bogot\u00e1 - PRGN<\/title>\n<meta name=\"description\" content=\"PRGN adds two new member agencies: Agence Profile in Paris, France, and IDDEA Comunicaciones in Bogot\u00e1, Colombia\" \/>\n<meta name=\"robots\" content=\"index, follow, max-snippet:-1, max-image-preview:large, max-video-preview:-1\" \/>\n<link rel=\"canonical\" href=\"https:\/\/prgn.cullencommunications.ie\/es_es\/news\/prgn-adds-new-member-agencies-in-paris-and-bogota\/\" \/>\n<meta property=\"og:locale\" content=\"es_ES\" \/>\n<meta property=\"og:type\" content=\"article\" \/>\n<meta property=\"og:title\" content=\"PRGN Adds New Member Agencies in Paris and Bogot\u00e1 - PRGN\" \/>\n<meta property=\"og:description\" content=\"PRGN adds two new member agencies: Agence Profile in Paris, France, and IDDEA Comunicaciones in Bogot\u00e1, Colombia\" \/>\n<meta property=\"og:url\" content=\"https:\/\/prgn.cullencommunications.ie\/es_es\/news\/prgn-adds-new-member-agencies-in-paris-and-bogota\/\" \/>\n<meta property=\"og:site_name\" content=\"PRGN\" \/>\n<meta property=\"article:published_time\" content=\"2026-01-15T10:29:42+00:00\" \/>\n<meta property=\"og:image\" content=\"https:\/\/prgn.cullencommunications.ie\/wp-content\/uploads\/2022\/07\/WhatsApp-Image-2022-07-15-at-12.08.11-PM.jpeg\" \/>\n\t<meta property=\"og:image:width\" content=\"1200\" \/>\n\t<meta property=\"og:image:height\" content=\"628\" \/>\n\t<meta property=\"og:image:type\" content=\"image\/jpeg\" \/>\n<meta name=\"author\" content=\"PRGN Admin\" \/>\n<meta name=\"twitter:card\" content=\"summary_large_image\" \/>\n<meta name=\"twitter:label1\" content=\"Escrito por\" \/>\n\t<meta name=\"twitter:data1\" content=\"PRGN Admin\" \/>\n\t<meta name=\"twitter:label2\" content=\"Tiempo de lectura\" \/>\n\t<meta name=\"twitter:data2\" content=\"4 minutos\" \/>\n\t<meta name=\"twitter:label3\" content=\"Written by\" \/>\n\t<meta name=\"twitter:data3\" content=\"PRGN Admin\" \/>\n<script type=\"application\/ld+json\" class=\"yoast-schema-graph\">{\"@context\":\"https:\\\/\\\/schema.org\",\"@graph\":[{\"@type\":\"Article\",\"@id\":\"https:\\\/\\\/prgn.cullencommunications.ie\\\/news\\\/prgn-adds-new-member-agencies-in-paris-and-bogota\\\/#article\",\"isPartOf\":{\"@id\":\"https:\\\/\\\/prgn.cullencommunications.ie\\\/news\\\/prgn-adds-new-member-agencies-in-paris-and-bogota\\\/\"},\"author\":{\"name\":\"PRGN Admin\",\"@id\":\"https:\\\/\\\/prgn.cullencommunications.ie\\\/#\\\/schema\\\/person\\\/4e8149167968fed097327214ce3987a6\"},\"headline\":\"PRGN Adds New Member Agencies in Paris and Bogot\u00e1\",\"datePublished\":\"2026-01-15T10:29:42+00:00\",\"mainEntityOfPage\":{\"@id\":\"https:\\\/\\\/prgn.cullencommunications.ie\\\/news\\\/prgn-adds-new-member-agencies-in-paris-and-bogota\\\/\"},\"wordCount\":904,\"publisher\":{\"@id\":\"https:\\\/\\\/prgn.cullencommunications.ie\\\/#organization\"},\"image\":{\"@id\":\"https:\\\/\\\/prgn.cullencommunications.ie\\\/news\\\/prgn-adds-new-member-agencies-in-paris-and-bogota\\\/#primaryimage\"},\"thumbnailUrl\":\"https:\\\/\\\/prgn.cullencommunications.ie\\\/wp-content\\\/uploads\\\/2025\\\/11\\\/Frederic-Francois-BW-150x150.jpeg\",\"articleSection\":[\"News\",\"PR Tips &amp; Trends\",\"Public Affairs\",\"Public Relations\"],\"inLanguage\":\"es\"},{\"@type\":\"WebPage\",\"@id\":\"https:\\\/\\\/prgn.cullencommunications.ie\\\/news\\\/prgn-adds-new-member-agencies-in-paris-and-bogota\\\/\",\"url\":\"https:\\\/\\\/prgn.cullencommunications.ie\\\/news\\\/prgn-adds-new-member-agencies-in-paris-and-bogota\\\/\",\"name\":\"PRGN Adds New Member Agencies in Paris and Bogot\u00e1 - PRGN\",\"isPartOf\":{\"@id\":\"https:\\\/\\\/prgn.cullencommunications.ie\\\/#website\"},\"primaryImageOfPage\":{\"@id\":\"https:\\\/\\\/prgn.cullencommunications.ie\\\/news\\\/prgn-adds-new-member-agencies-in-paris-and-bogota\\\/#primaryimage\"},\"image\":{\"@id\":\"https:\\\/\\\/prgn.cullencommunications.ie\\\/news\\\/prgn-adds-new-member-agencies-in-paris-and-bogota\\\/#primaryimage\"},\"thumbnailUrl\":\"https:\\\/\\\/prgn.cullencommunications.ie\\\/wp-content\\\/uploads\\\/2025\\\/11\\\/Frederic-Francois-BW-150x150.jpeg\",\"datePublished\":\"2026-01-15T10:29:42+00:00\",\"description\":\"PRGN adds two new member agencies: Agence Profile in Paris, France, and IDDEA Comunicaciones in Bogot\u00e1, Colombia\",\"inLanguage\":\"es\",\"potentialAction\":[{\"@type\":\"ReadAction\",\"target\":[\"https:\\\/\\\/prgn.cullencommunications.ie\\\/news\\\/prgn-adds-new-member-agencies-in-paris-and-bogota\\\/\"]}]},{\"@type\":\"ImageObject\",\"inLanguage\":\"es\",\"@id\":\"https:\\\/\\\/prgn.cullencommunications.ie\\\/news\\\/prgn-adds-new-member-agencies-in-paris-and-bogota\\\/#primaryimage\",\"url\":\"https:\\\/\\\/prgn.cullencommunications.ie\\\/wp-content\\\/uploads\\\/2025\\\/11\\\/Frederic-Francois-BW-150x150.jpeg\",\"contentUrl\":\"https:\\\/\\\/prgn.cullencommunications.ie\\\/wp-content\\\/uploads\\\/2025\\\/11\\\/Frederic-Francois-BW-150x150.jpeg\"},{\"@type\":\"WebSite\",\"@id\":\"https:\\\/\\\/prgn.cullencommunications.ie\\\/#website\",\"url\":\"https:\\\/\\\/prgn.cullencommunications.ie\\\/\",\"name\":\"PRGN\",\"description\":\"The World&#039;s Local Agency\",\"publisher\":{\"@id\":\"https:\\\/\\\/prgn.cullencommunications.ie\\\/#organization\"},\"potentialAction\":[{\"@type\":\"SearchAction\",\"target\":{\"@type\":\"EntryPoint\",\"urlTemplate\":\"https:\\\/\\\/prgn.cullencommunications.ie\\\/?s={search_term_string}\"},\"query-input\":{\"@type\":\"PropertyValueSpecification\",\"valueRequired\":true,\"valueName\":\"search_term_string\"}}],\"inLanguage\":\"es\"},{\"@type\":\"Organization\",\"@id\":\"https:\\\/\\\/prgn.cullencommunications.ie\\\/#organization\",\"name\":\"PRGN\",\"url\":\"https:\\\/\\\/prgn.cullencommunications.ie\\\/\",\"logo\":{\"@type\":\"ImageObject\",\"inLanguage\":\"es\",\"@id\":\"https:\\\/\\\/prgn.cullencommunications.ie\\\/#\\\/schema\\\/logo\\\/image\\\/\",\"url\":\"https:\\\/\\\/prgn.cullencommunications.ie\\\/wp-content\\\/uploads\\\/2022\\\/07\\\/WhatsApp-Image-2022-07-15-at-12.08.11-PM.jpeg\",\"contentUrl\":\"https:\\\/\\\/prgn.cullencommunications.ie\\\/wp-content\\\/uploads\\\/2022\\\/07\\\/WhatsApp-Image-2022-07-15-at-12.08.11-PM.jpeg\",\"width\":1200,\"height\":628,\"caption\":\"PRGN\"},\"image\":{\"@id\":\"https:\\\/\\\/prgn.cullencommunications.ie\\\/#\\\/schema\\\/logo\\\/image\\\/\"}},{\"@type\":\"Person\",\"@id\":\"https:\\\/\\\/prgn.cullencommunications.ie\\\/#\\\/schema\\\/person\\\/4e8149167968fed097327214ce3987a6\",\"name\":\"PRGN Admin\",\"image\":{\"@type\":\"ImageObject\",\"inLanguage\":\"es\",\"@id\":\"https:\\\/\\\/prgn.cullencommunications.ie\\\/wp-content\\\/uploads\\\/2021\\\/06\\\/using-gravatar-60x60-1.pngc50528d8fbb4ddf30acaae5177c2b45d\",\"url\":\"https:\\\/\\\/prgn.cullencommunications.ie\\\/wp-content\\\/uploads\\\/2021\\\/06\\\/using-gravatar-60x60-1.png\",\"contentUrl\":\"https:\\\/\\\/prgn.cullencommunications.ie\\\/wp-content\\\/uploads\\\/2021\\\/06\\\/using-gravatar-60x60-1.png\",\"caption\":\"PRGN Admin\"},\"url\":\"https:\\\/\\\/prgn.cullencommunications.ie\\\/es_es\\\/author\\\/prgn-admin\\\/\"}]}<\/script>\n<!-- \/ Yoast SEO plugin. -->","yoast_head_json":{"title":"PRGN Adds New Member Agencies in Paris and Bogot\u00e1 - PRGN","description":"PRGN adds two new member agencies: Agence Profile in Paris, France, and IDDEA Comunicaciones in Bogot\u00e1, Colombia","robots":{"index":"index","follow":"follow","max-snippet":"max-snippet:-1","max-image-preview":"max-image-preview:large","max-video-preview":"max-video-preview:-1"},"canonical":"https:\/\/prgn.cullencommunications.ie\/es_es\/news\/prgn-adds-new-member-agencies-in-paris-and-bogota\/","og_locale":"es_ES","og_type":"article","og_title":"PRGN Adds New Member Agencies in Paris and Bogot\u00e1 - PRGN","og_description":"PRGN adds two new member agencies: Agence Profile in Paris, France, and IDDEA Comunicaciones in Bogot\u00e1, Colombia","og_url":"https:\/\/prgn.cullencommunications.ie\/es_es\/news\/prgn-adds-new-member-agencies-in-paris-and-bogota\/","og_site_name":"PRGN","article_published_time":"2026-01-15T10:29:42+00:00","og_image":[{"width":1200,"height":628,"url":"https:\/\/prgn.cullencommunications.ie\/wp-content\/uploads\/2022\/07\/WhatsApp-Image-2022-07-15-at-12.08.11-PM.jpeg","type":"image\/jpeg"}],"author":"PRGN Admin","twitter_card":"summary_large_image","twitter_misc":{"Escrito por":"PRGN Admin","Tiempo de lectura":"4 minutos","Written by":"PRGN Admin"},"schema":{"@context":"https:\/\/schema.org","@graph":[{"@type":"Article","@id":"https:\/\/prgn.cullencommunications.ie\/news\/prgn-adds-new-member-agencies-in-paris-and-bogota\/#article","isPartOf":{"@id":"https:\/\/prgn.cullencommunications.ie\/news\/prgn-adds-new-member-agencies-in-paris-and-bogota\/"},"author":{"name":"PRGN Admin","@id":"https:\/\/prgn.cullencommunications.ie\/#\/schema\/person\/4e8149167968fed097327214ce3987a6"},"headline":"PRGN Adds New Member Agencies in Paris and Bogot\u00e1","datePublished":"2026-01-15T10:29:42+00:00","mainEntityOfPage":{"@id":"https:\/\/prgn.cullencommunications.ie\/news\/prgn-adds-new-member-agencies-in-paris-and-bogota\/"},"wordCount":904,"publisher":{"@id":"https:\/\/prgn.cullencommunications.ie\/#organization"},"image":{"@id":"https:\/\/prgn.cullencommunications.ie\/news\/prgn-adds-new-member-agencies-in-paris-and-bogota\/#primaryimage"},"thumbnailUrl":"https:\/\/prgn.cullencommunications.ie\/wp-content\/uploads\/2025\/11\/Frederic-Francois-BW-150x150.jpeg","articleSection":["News","PR Tips &amp; Trends","Public Affairs","Public Relations"],"inLanguage":"es"},{"@type":"WebPage","@id":"https:\/\/prgn.cullencommunications.ie\/news\/prgn-adds-new-member-agencies-in-paris-and-bogota\/","url":"https:\/\/prgn.cullencommunications.ie\/news\/prgn-adds-new-member-agencies-in-paris-and-bogota\/","name":"PRGN Adds New Member Agencies in Paris and Bogot\u00e1 - PRGN","isPartOf":{"@id":"https:\/\/prgn.cullencommunications.ie\/#website"},"primaryImageOfPage":{"@id":"https:\/\/prgn.cullencommunications.ie\/news\/prgn-adds-new-member-agencies-in-paris-and-bogota\/#primaryimage"},"image":{"@id":"https:\/\/prgn.cullencommunications.ie\/news\/prgn-adds-new-member-agencies-in-paris-and-bogota\/#primaryimage"},"thumbnailUrl":"https:\/\/prgn.cullencommunications.ie\/wp-content\/uploads\/2025\/11\/Frederic-Francois-BW-150x150.jpeg","datePublished":"2026-01-15T10:29:42+00:00","description":"PRGN adds two new member agencies: Agence Profile in Paris, France, and IDDEA Comunicaciones in Bogot\u00e1, Colombia","inLanguage":"es","potentialAction":[{"@type":"ReadAction","target":["https:\/\/prgn.cullencommunications.ie\/news\/prgn-adds-new-member-agencies-in-paris-and-bogota\/"]}]},{"@type":"ImageObject","inLanguage":"es","@id":"https:\/\/prgn.cullencommunications.ie\/news\/prgn-adds-new-member-agencies-in-paris-and-bogota\/#primaryimage","url":"https:\/\/prgn.cullencommunications.ie\/wp-content\/uploads\/2025\/11\/Frederic-Francois-BW-150x150.jpeg","contentUrl":"https:\/\/prgn.cullencommunications.ie\/wp-content\/uploads\/2025\/11\/Frederic-Francois-BW-150x150.jpeg"},{"@type":"WebSite","@id":"https:\/\/prgn.cullencommunications.ie\/#website","url":"https:\/\/prgn.cullencommunications.ie\/","name":"PRGN mantiene altos est\u00e1ndares de admisi\u00f3n para garantizar la solidez e integridad de la red","description":"The World&#039;s Local Agency","publisher":{"@id":"https:\/\/prgn.cullencommunications.ie\/#organization"},"potentialAction":[{"@type":"SearchAction","target":{"@type":"EntryPoint","urlTemplate":"https:\/\/prgn.cullencommunications.ie\/?s={search_term_string}"},"query-input":{"@type":"PropertyValueSpecification","valueRequired":true,"valueName":"search_term_string"}}],"inLanguage":"es"},{"@type":"Organization","@id":"https:\/\/prgn.cullencommunications.ie\/#organization","name":"PRGN mantiene altos est\u00e1ndares de admisi\u00f3n para garantizar la solidez e integridad de la red","url":"https:\/\/prgn.cullencommunications.ie\/","logo":{"@type":"ImageObject","inLanguage":"es","@id":"https:\/\/prgn.cullencommunications.ie\/#\/schema\/logo\/image\/","url":"https:\/\/prgn.cullencommunications.ie\/wp-content\/uploads\/2022\/07\/WhatsApp-Image-2022-07-15-at-12.08.11-PM.jpeg","contentUrl":"https:\/\/prgn.cullencommunications.ie\/wp-content\/uploads\/2022\/07\/WhatsApp-Image-2022-07-15-at-12.08.11-PM.jpeg","width":1200,"height":628,"caption":"PRGN"},"image":{"@id":"https:\/\/prgn.cullencommunications.ie\/#\/schema\/logo\/image\/"}},{"@type":"Person","@id":"https:\/\/prgn.cullencommunications.ie\/#\/schema\/person\/4e8149167968fed097327214ce3987a6","name":"PRGN Admin","image":{"@type":"ImageObject","inLanguage":"es","@id":"https:\/\/prgn.cullencommunications.ie\/wp-content\/uploads\/2021\/06\/using-gravatar-60x60-1.pngc50528d8fbb4ddf30acaae5177c2b45d","url":"https:\/\/prgn.cullencommunications.ie\/wp-content\/uploads\/2021\/06\/using-gravatar-60x60-1.png","contentUrl":"https:\/\/prgn.cullencommunications.ie\/wp-content\/uploads\/2021\/06\/using-gravatar-60x60-1.png","caption":"PRGN Admin"},"url":"https:\/\/prgn.cullencommunications.ie\/es_es\/author\/prgn-admin\/"}]}},"_links":{"self":[{"href":"https:\/\/prgn.cullencommunications.ie\/es_es\/wp-json\/wp\/v2\/posts\/2482300","targetHints":{"allow":["GET"]}}],"collection":[{"href":"https:\/\/prgn.cullencommunications.ie\/es_es\/wp-json\/wp\/v2\/posts"}],"about":[{"href":"https:\/\/prgn.cullencommunications.ie\/es_es\/wp-json\/wp\/v2\/types\/post"}],"author":[{"embeddable":true,"href":"https:\/\/prgn.cullencommunications.ie\/es_es\/wp-json\/wp\/v2\/users\/76"}],"replies":[{"embeddable":true,"href":"https:\/\/prgn.cullencommunications.ie\/es_es\/wp-json\/wp\/v2\/comments?post=2482300"}],"version-history":[{"count":0,"href":"https:\/\/prgn.cullencommunications.ie\/es_es\/wp-json\/wp\/v2\/posts\/2482300\/revisions"}],"wp:attachment":[{"href":"https:\/\/prgn.cullencommunications.ie\/es_es\/wp-json\/wp\/v2\/media?parent=2482300"}],"wp:term":[{"taxonomy":"category","embeddable":true,"href":"https:\/\/prgn.cullencommunications.ie\/es_es\/wp-json\/wp\/v2\/categories?post=2482300"},{"taxonomy":"post_tag","embeddable":true,"href":"https:\/\/prgn.cullencommunications.ie\/es_es\/wp-json\/wp\/v2\/tags?post=2482300"},{"taxonomy":"author","embeddable":true,"href":"https:\/\/prgn.cullencommunications.ie\/es_es\/wp-json\/wp\/v2\/coauthors?post=2482300"}],"curies":[{"name":"wp","href":"https:\/\/api.w.org\/{rel}","templated":true}]}}