{"id":2480127,"date":"2026-03-25T10:15:08","date_gmt":"2026-03-25T10:15:08","guid":{"rendered":"https:\/\/prgn.com\/?p=2480127"},"modified":"2026-03-25T10:15:08","modified_gmt":"2026-03-25T10:15:08","slug":"prgn-adds-ovid-health-as-specialist-healthcare-member-agency","status":"publish","type":"post","link":"https:\/\/prgn.cullencommunications.ie\/es_es\/news\/prgn-adds-ovid-health-as-specialist-healthcare-member-agency\/","title":{"rendered":"PRGN Adds OVID Health as Specialist Healthcare Member Agency"},"content":{"rendered":"<h2>UK-based firm joins the Public Relations Global Network, boosting patient-centered healthcare and life science communications expertise worldwide<\/h2>\n<p>(LONDON \/ NEW YORK \/ BRUSSELS) \u2013 The <strong>Public Relations Global Network (PRGN)<\/strong> announced today that <strong>OVID Health<\/strong>, an independent public relations and public affairs agency based in London, UK, has joined the network. <a href=\"https:\/\/prgn.cullencommunications.ie\/es_es\/agency\/ovid-health\/\" target=\"_blank\" rel=\"noopener\">OVID Health<\/a>, with its healthcare focus joins PRGN as demand grows for patient-centered, insight-led work in healthcare, pharmaceuticals and biotechnology.<\/p>\n<p>The addition comes as healthcare organizations shift from one-way news to collaborative dialogue with patients, healthcare professionals and the public. OVID works where science, policy and patient needs meet. The agency will help PRGN member agencies support clients in complex and highly regulated markets.<\/p>\n<div id=\"attachment_2479892\" style=\"width: 160px\" class=\"wp-caption alignleft\"><img loading=\"lazy\" decoding=\"async\" aria-describedby=\"caption-attachment-2479892\" class=\"wp-image-2479892 size-thumbnail\" src=\"https:\/\/prgn.cullencommunications.ie\/wp-content\/uploads\/2025\/11\/Frederic-Francois-BW-150x150.jpeg\" alt=\"Frederic Francois\" width=\"150\" height=\"150\" \/><p id=\"caption-attachment-2479892\" class=\"wp-caption-text\">Fr\u00e9d\u00e9ric Fran\u00e7ois<\/p><\/div>\n<p>&#8220;OVID Health brings a new level of expertise to PRGN, especially in healthcare, pharma, and biotech,,\u201d said Fr\u00e9d\u00e9ric Fran\u00e7ois, <strong>President of PRGN<\/strong> and managing partner of <a href=\"https:\/\/prgn.cullencommunications.ie\/es_es\/agency\/two-cents\/\" target=\"_blank\" rel=\"noopener\"><strong>two cents<\/strong><\/a> in Belgium and the Netherlands. \u201cTheir focus on patient-centered strategies and their deep understanding of the UK, European and global markets will help our network offer even stronger support to clients who need to reach people in meaningful ways. This is an important step for PRGN, as we grow our presence in health communications.\u201d<\/p>\n<p>Founded by former journalist and political adviser Jenny Ousbey, OVID Health helps organizations connect with patients, health care stakeholders and policy leaders. The agency integrates policy, advocacy and public relations and supports global life science firms, including leaders in rare disease, oncology, neurology and cell and gene therapy.<\/p>\n<div id=\"attachment_2480123\" style=\"width: 160px\" class=\"wp-caption alignleft\"><img loading=\"lazy\" decoding=\"async\" aria-describedby=\"caption-attachment-2480123\" class=\"wp-image-2480123 size-thumbnail\" src=\"https:\/\/prgn.cullencommunications.ie\/wp-content\/uploads\/2026\/03\/Jenny-Ousbey-OVID-150x150.jpeg\" alt=\"Jenny Ousbey\" width=\"150\" height=\"150\" \/><p id=\"caption-attachment-2480123\" class=\"wp-caption-text\">Jenny Ousbey<\/p><\/div>\n<p>\u201cPRGN brings together independent agencies that share a belief in the power of communications to drive real-world impact, and that alignment really matters to us,\u201d said <strong>Jenny Ousbey, CEO and Founder of OVID Health<\/strong>. \u201cAs a healthcare specialist agency, we work at the intersection of science, policy and patients\u2019 lived experience, helping organizations engage more meaningfully with patients, healthcare professionals and society. Becoming part of PRGN allows us to collaborate with like-minded partners around the world, extend the support we can offer global pharmaceutical and healthcare brands, and contribute our perspective on patient-centered, insight-driven communications in complex and highly regulated markets.\u201d<\/p>\n<p>PRGN now has two agencies located in \u00a0the United Kingdom. \u00a0<a href=\"https:\/\/prgn.cullencommunications.ie\/es_es\/agency\/rooster\/\" target=\"_blank\" rel=\"noopener\"><strong>Rooster<\/strong><\/a>, PRGN\u2019s other UK member <a href=\"https:\/\/prgn.cullencommunications.ie\/es_es\/news\/prgn-welcomes-rooster-as-newest-member-agency-in-london\/\" target=\"_blank\" rel=\"noopener\">agency joined the network<\/a> in 2025 and is known for creative storytelling and results-focused work across B2B, consumer, property and travel. The two agencies expand PRGN\u2019s reach across Europe with both broad and deep skills.<\/p>\n<p>The healthcare field continues to change, with reports showing many groups now invest in new ways to reach patients, often using digital tools and data to make care more personal. OVID Health\u2019s insight-led approach incorporates proprietary data measurement tools and can help clients manage increasingly complex innovation challenges, policy change and rising public needs.<\/p>\n<p>With OVID Health joining, PRGN strengthens its promise of combining local insights with global reach. The network can now offer boosted support for health, pharma and biotech clients, where deep expertise can facilitate increased market access for clients.<\/p>\n<p>&#8212;<\/p>\n<p><strong>About OVID Health:<\/strong><\/p>\n<p>OVID Health is an independent healthcare communications agency headquartered in London, working with pharmaceutical, biotech and life sciences organizations to drive meaningful health and societal change. Founded by former journalist and political adviser Jenny Ousbey, the agency was built on the belief that healthcare organizations achieve greater impact when corporate communications, public affairs and patient advocacy are brought together in a truly integrated way.<\/p>\n<p>OVID Health specializes in complex and highly regulated therapy areas, including rare disease, oncology, neurology and cell and gene therapy. The agency works at the intersection of science, policy and patients\u2019 lived experience, helping clients navigate scientific complexity, shifting policy landscapes and rising expectations from patients, healthcare professionals and society through insight-led, patient-centered communications.<\/p>\n<p>The agency\u2019s approach is shaped around three core pillars \u2014 Connect, Create and Campaign \u2014 building partnerships across policymakers, healthcare professionals and patient communities; developing client programs that inspire action; and mobilizing stakeholders to influence decision making and improve outcomes.<\/p>\n<p>OVID brings a creative campaigning edge to everything it does, building bridges between the worlds of life sciences and decision makers to create impact that lasts. OVID advises global life science companies including Novo Nordisk, Amgen, Chiesi and Novartis, supporting programs spanning corporate reputation, policy and advocacy engagement, patient and health care professional (HCP) communications, and integrated international campaigns. With a growing footprint across the UK, Europe and the U.S., the agency partners with ambitious clients seeking senior counsel, deep sector expertise and meaningful change at scale.<\/p>\n<p>For more information, visit: <a href=\"https:\/\/ovidhealth.com\" target=\"_blank\" rel=\"noopener\">https:\/\/ovidhealth.com<\/a><\/p>\n<p><strong>About PRGN:<\/strong><\/p>\n<p>Founded in 1992, the Public Relations Global Network (<a href=\"https:\/\/prgn.cullencommunications.ie\/es_es\/\" target=\"_blank\" rel=\"noopener\">PRGN<\/a>) is one of the world\u2019s largest international networks of independent public relations and communications agencies, with approximately 900 professionals in more than 60 locations globally. PRGN members are independent, local, owner-operated public relations and marketing communications firms that share expertise and resources while providing broad-based, comprehensive communications strategies to clients worldwide.<\/p>\n<p>Companies or organizations interested in the services of PRGN\u2019s worldwide agency network can visit its <a href=\"https:\/\/prgn.cullencommunications.ie\/es_es\/pr-agencies\/\" target=\"_blank\" rel=\"noopener\">Agency Directory section<\/a> for more information. Independent agencies interested in joining the network can visit the <a href=\"https:\/\/prgn.cullencommunications.ie\/es_es\/member-recruitment\/\" target=\"_blank\" rel=\"noopener\">member recruitment section<\/a> of the PRGN website for more information.<\/p>","protected":false},"excerpt":{"rendered":"<p>UK-based firm joins the Public Relations Global Network, boosting patient-centered healthcare and life science communications expertise worldwide (LONDON \/ NEW YORK \/ BRUSSELS) \u2013 The Public Relations Global Network (PRGN) announced today that OVID Health, an independent public relations and public affairs agency based in London, UK, has joined the network. OVID Health, with its [&hellip;]<\/p>\n","protected":false},"author":76,"featured_media":0,"comment_status":"closed","ping_status":"closed","sticky":false,"template":"","format":"standard","meta":{"_acf_changed":false,"_et_pb_use_builder":"","_et_pb_old_content":"","_et_gb_content_width":"","episode_type":"","audio_file":"","podmotor_file_id":"","podmotor_episode_id":"","cover_image":"","cover_image_id":"","duration":"","filesize":"","filesize_raw":"","date_recorded":"","explicit":"","block":"","itunes_episode_number":"","itunes_title":"","itunes_season_number":"","itunes_episode_type":"","footnotes":""},"categories":[1256,1272,1544,1296],"tags":[1520,3005,2843,1637,3006,1505],"coauthors":[1817],"class_list":["post-2480127","post","type-post","status-publish","format-standard","hentry","category-news","category-pr-tips-trends","category-public-affairs","category-public-relations","tag-global-public-relations","tag-healthcare-communications","tag-london-agency","tag-london-pr","tag-ovid-health","tag-public-relations-global-network"],"acf":[],"yoast_head":"<!-- This site is optimized with the Yoast SEO plugin v27.4 - https:\/\/yoast.com\/product\/yoast-seo-wordpress\/ -->\n<title>PRGN Adds OVID Health as Specialist Healthcare Member Agency - PRGN<\/title>\n<meta name=\"description\" content=\"OVID Health joins PRGN to enhance global healthcare communications with patient-centered strategies for pharma and biotech.\" \/>\n<meta name=\"robots\" content=\"index, follow, max-snippet:-1, max-image-preview:large, max-video-preview:-1\" \/>\n<link rel=\"canonical\" href=\"https:\/\/prgn.cullencommunications.ie\/es_es\/news\/prgn-adds-ovid-health-as-specialist-healthcare-member-agency\/\" \/>\n<meta property=\"og:locale\" content=\"es_ES\" \/>\n<meta property=\"og:type\" content=\"article\" \/>\n<meta property=\"og:title\" content=\"PRGN Adds OVID Health as Specialist Healthcare Member Agency - PRGN\" \/>\n<meta property=\"og:description\" content=\"OVID Health joins PRGN to enhance global healthcare communications with patient-centered strategies for pharma and biotech.\" \/>\n<meta property=\"og:url\" content=\"https:\/\/prgn.cullencommunications.ie\/es_es\/news\/prgn-adds-ovid-health-as-specialist-healthcare-member-agency\/\" \/>\n<meta property=\"og:site_name\" content=\"PRGN\" \/>\n<meta property=\"article:published_time\" content=\"2026-03-25T10:15:08+00:00\" \/>\n<meta property=\"og:image\" content=\"https:\/\/prgn.cullencommunications.ie\/wp-content\/uploads\/2022\/07\/WhatsApp-Image-2022-07-15-at-12.08.11-PM.jpeg\" \/>\n\t<meta property=\"og:image:width\" content=\"1200\" \/>\n\t<meta property=\"og:image:height\" content=\"628\" \/>\n\t<meta property=\"og:image:type\" content=\"image\/jpeg\" \/>\n<meta name=\"author\" content=\"PRGN Admin\" \/>\n<meta name=\"twitter:card\" content=\"summary_large_image\" \/>\n<meta name=\"twitter:label1\" content=\"Escrito por\" \/>\n\t<meta name=\"twitter:data1\" content=\"PRGN Admin\" \/>\n\t<meta name=\"twitter:label2\" content=\"Tiempo de lectura\" \/>\n\t<meta name=\"twitter:data2\" content=\"4 minutos\" \/>\n\t<meta name=\"twitter:label3\" content=\"Written by\" \/>\n\t<meta name=\"twitter:data3\" content=\"PRGN Admin\" \/>\n<script type=\"application\/ld+json\" class=\"yoast-schema-graph\">{\"@context\":\"https:\\\/\\\/schema.org\",\"@graph\":[{\"@type\":\"Article\",\"@id\":\"https:\\\/\\\/prgn.cullencommunications.ie\\\/news\\\/prgn-adds-ovid-health-as-specialist-healthcare-member-agency\\\/#article\",\"isPartOf\":{\"@id\":\"https:\\\/\\\/prgn.cullencommunications.ie\\\/news\\\/prgn-adds-ovid-health-as-specialist-healthcare-member-agency\\\/\"},\"author\":{\"name\":\"PRGN Admin\",\"@id\":\"https:\\\/\\\/prgn.cullencommunications.ie\\\/#\\\/schema\\\/person\\\/4e8149167968fed097327214ce3987a6\"},\"headline\":\"PRGN Adds OVID Health as Specialist Healthcare Member Agency\",\"datePublished\":\"2026-03-25T10:15:08+00:00\",\"mainEntityOfPage\":{\"@id\":\"https:\\\/\\\/prgn.cullencommunications.ie\\\/news\\\/prgn-adds-ovid-health-as-specialist-healthcare-member-agency\\\/\"},\"wordCount\":879,\"publisher\":{\"@id\":\"https:\\\/\\\/prgn.cullencommunications.ie\\\/#organization\"},\"image\":{\"@id\":\"https:\\\/\\\/prgn.cullencommunications.ie\\\/news\\\/prgn-adds-ovid-health-as-specialist-healthcare-member-agency\\\/#primaryimage\"},\"thumbnailUrl\":\"https:\\\/\\\/prgn.cullencommunications.ie\\\/wp-content\\\/uploads\\\/2025\\\/11\\\/Frederic-Francois-BW-150x150.jpeg\",\"keywords\":[\"Global Public Relations\",\"Healthcare communications\",\"London agency\",\"London PR\",\"OVID Health\",\"Public Relations Global Network\"],\"articleSection\":[\"News\",\"PR Tips &amp; Trends\",\"Public Affairs\",\"Public Relations\"],\"inLanguage\":\"es\"},{\"@type\":\"WebPage\",\"@id\":\"https:\\\/\\\/prgn.cullencommunications.ie\\\/news\\\/prgn-adds-ovid-health-as-specialist-healthcare-member-agency\\\/\",\"url\":\"https:\\\/\\\/prgn.cullencommunications.ie\\\/news\\\/prgn-adds-ovid-health-as-specialist-healthcare-member-agency\\\/\",\"name\":\"PRGN Adds OVID Health as Specialist Healthcare Member Agency - PRGN\",\"isPartOf\":{\"@id\":\"https:\\\/\\\/prgn.cullencommunications.ie\\\/#website\"},\"primaryImageOfPage\":{\"@id\":\"https:\\\/\\\/prgn.cullencommunications.ie\\\/news\\\/prgn-adds-ovid-health-as-specialist-healthcare-member-agency\\\/#primaryimage\"},\"image\":{\"@id\":\"https:\\\/\\\/prgn.cullencommunications.ie\\\/news\\\/prgn-adds-ovid-health-as-specialist-healthcare-member-agency\\\/#primaryimage\"},\"thumbnailUrl\":\"https:\\\/\\\/prgn.cullencommunications.ie\\\/wp-content\\\/uploads\\\/2025\\\/11\\\/Frederic-Francois-BW-150x150.jpeg\",\"datePublished\":\"2026-03-25T10:15:08+00:00\",\"description\":\"OVID Health joins PRGN to enhance global healthcare communications with patient-centered strategies for pharma and biotech.\",\"inLanguage\":\"es\",\"potentialAction\":[{\"@type\":\"ReadAction\",\"target\":[\"https:\\\/\\\/prgn.cullencommunications.ie\\\/news\\\/prgn-adds-ovid-health-as-specialist-healthcare-member-agency\\\/\"]}]},{\"@type\":\"ImageObject\",\"inLanguage\":\"es\",\"@id\":\"https:\\\/\\\/prgn.cullencommunications.ie\\\/news\\\/prgn-adds-ovid-health-as-specialist-healthcare-member-agency\\\/#primaryimage\",\"url\":\"https:\\\/\\\/prgn.cullencommunications.ie\\\/wp-content\\\/uploads\\\/2025\\\/11\\\/Frederic-Francois-BW-150x150.jpeg\",\"contentUrl\":\"https:\\\/\\\/prgn.cullencommunications.ie\\\/wp-content\\\/uploads\\\/2025\\\/11\\\/Frederic-Francois-BW-150x150.jpeg\"},{\"@type\":\"WebSite\",\"@id\":\"https:\\\/\\\/prgn.cullencommunications.ie\\\/#website\",\"url\":\"https:\\\/\\\/prgn.cullencommunications.ie\\\/\",\"name\":\"PRGN\",\"description\":\"The World&#039;s Local Agency\",\"publisher\":{\"@id\":\"https:\\\/\\\/prgn.cullencommunications.ie\\\/#organization\"},\"potentialAction\":[{\"@type\":\"SearchAction\",\"target\":{\"@type\":\"EntryPoint\",\"urlTemplate\":\"https:\\\/\\\/prgn.cullencommunications.ie\\\/?s={search_term_string}\"},\"query-input\":{\"@type\":\"PropertyValueSpecification\",\"valueRequired\":true,\"valueName\":\"search_term_string\"}}],\"inLanguage\":\"es\"},{\"@type\":\"Organization\",\"@id\":\"https:\\\/\\\/prgn.cullencommunications.ie\\\/#organization\",\"name\":\"PRGN\",\"url\":\"https:\\\/\\\/prgn.cullencommunications.ie\\\/\",\"logo\":{\"@type\":\"ImageObject\",\"inLanguage\":\"es\",\"@id\":\"https:\\\/\\\/prgn.cullencommunications.ie\\\/#\\\/schema\\\/logo\\\/image\\\/\",\"url\":\"https:\\\/\\\/prgn.cullencommunications.ie\\\/wp-content\\\/uploads\\\/2022\\\/07\\\/WhatsApp-Image-2022-07-15-at-12.08.11-PM.jpeg\",\"contentUrl\":\"https:\\\/\\\/prgn.cullencommunications.ie\\\/wp-content\\\/uploads\\\/2022\\\/07\\\/WhatsApp-Image-2022-07-15-at-12.08.11-PM.jpeg\",\"width\":1200,\"height\":628,\"caption\":\"PRGN\"},\"image\":{\"@id\":\"https:\\\/\\\/prgn.cullencommunications.ie\\\/#\\\/schema\\\/logo\\\/image\\\/\"}},{\"@type\":\"Person\",\"@id\":\"https:\\\/\\\/prgn.cullencommunications.ie\\\/#\\\/schema\\\/person\\\/4e8149167968fed097327214ce3987a6\",\"name\":\"PRGN Admin\",\"image\":{\"@type\":\"ImageObject\",\"inLanguage\":\"es\",\"@id\":\"https:\\\/\\\/prgn.cullencommunications.ie\\\/wp-content\\\/uploads\\\/2021\\\/06\\\/using-gravatar-60x60-1.pngc50528d8fbb4ddf30acaae5177c2b45d\",\"url\":\"https:\\\/\\\/prgn.cullencommunications.ie\\\/wp-content\\\/uploads\\\/2021\\\/06\\\/using-gravatar-60x60-1.png\",\"contentUrl\":\"https:\\\/\\\/prgn.cullencommunications.ie\\\/wp-content\\\/uploads\\\/2021\\\/06\\\/using-gravatar-60x60-1.png\",\"caption\":\"PRGN Admin\"},\"url\":\"https:\\\/\\\/prgn.cullencommunications.ie\\\/es_es\\\/author\\\/prgn-admin\\\/\"}]}<\/script>\n<!-- \/ Yoast SEO plugin. -->","yoast_head_json":{"title":"PRGN Adds OVID Health as Specialist Healthcare Member Agency - PRGN","description":"OVID Health joins PRGN to enhance global healthcare communications with patient-centered strategies for pharma and biotech.","robots":{"index":"index","follow":"follow","max-snippet":"max-snippet:-1","max-image-preview":"max-image-preview:large","max-video-preview":"max-video-preview:-1"},"canonical":"https:\/\/prgn.cullencommunications.ie\/es_es\/news\/prgn-adds-ovid-health-as-specialist-healthcare-member-agency\/","og_locale":"es_ES","og_type":"article","og_title":"PRGN Adds OVID Health as Specialist Healthcare Member Agency - PRGN","og_description":"OVID Health joins PRGN to enhance global healthcare communications with patient-centered strategies for pharma and biotech.","og_url":"https:\/\/prgn.cullencommunications.ie\/es_es\/news\/prgn-adds-ovid-health-as-specialist-healthcare-member-agency\/","og_site_name":"PRGN","article_published_time":"2026-03-25T10:15:08+00:00","og_image":[{"width":1200,"height":628,"url":"https:\/\/prgn.cullencommunications.ie\/wp-content\/uploads\/2022\/07\/WhatsApp-Image-2022-07-15-at-12.08.11-PM.jpeg","type":"image\/jpeg"}],"author":"PRGN Admin","twitter_card":"summary_large_image","twitter_misc":{"Escrito por":"PRGN Admin","Tiempo de lectura":"4 minutos","Written by":"PRGN Admin"},"schema":{"@context":"https:\/\/schema.org","@graph":[{"@type":"Article","@id":"https:\/\/prgn.cullencommunications.ie\/news\/prgn-adds-ovid-health-as-specialist-healthcare-member-agency\/#article","isPartOf":{"@id":"https:\/\/prgn.cullencommunications.ie\/news\/prgn-adds-ovid-health-as-specialist-healthcare-member-agency\/"},"author":{"name":"PRGN Admin","@id":"https:\/\/prgn.cullencommunications.ie\/#\/schema\/person\/4e8149167968fed097327214ce3987a6"},"headline":"PRGN Adds OVID Health as Specialist Healthcare Member Agency","datePublished":"2026-03-25T10:15:08+00:00","mainEntityOfPage":{"@id":"https:\/\/prgn.cullencommunications.ie\/news\/prgn-adds-ovid-health-as-specialist-healthcare-member-agency\/"},"wordCount":879,"publisher":{"@id":"https:\/\/prgn.cullencommunications.ie\/#organization"},"image":{"@id":"https:\/\/prgn.cullencommunications.ie\/news\/prgn-adds-ovid-health-as-specialist-healthcare-member-agency\/#primaryimage"},"thumbnailUrl":"https:\/\/prgn.cullencommunications.ie\/wp-content\/uploads\/2025\/11\/Frederic-Francois-BW-150x150.jpeg","keywords":["Global Public Relations","Healthcare communications","London agency","London PR","OVID Health","Public Relations Global Network"],"articleSection":["News","PR Tips &amp; Trends","Public Affairs","Public Relations"],"inLanguage":"es"},{"@type":"WebPage","@id":"https:\/\/prgn.cullencommunications.ie\/news\/prgn-adds-ovid-health-as-specialist-healthcare-member-agency\/","url":"https:\/\/prgn.cullencommunications.ie\/news\/prgn-adds-ovid-health-as-specialist-healthcare-member-agency\/","name":"PRGN Adds OVID Health as Specialist Healthcare Member Agency - PRGN","isPartOf":{"@id":"https:\/\/prgn.cullencommunications.ie\/#website"},"primaryImageOfPage":{"@id":"https:\/\/prgn.cullencommunications.ie\/news\/prgn-adds-ovid-health-as-specialist-healthcare-member-agency\/#primaryimage"},"image":{"@id":"https:\/\/prgn.cullencommunications.ie\/news\/prgn-adds-ovid-health-as-specialist-healthcare-member-agency\/#primaryimage"},"thumbnailUrl":"https:\/\/prgn.cullencommunications.ie\/wp-content\/uploads\/2025\/11\/Frederic-Francois-BW-150x150.jpeg","datePublished":"2026-03-25T10:15:08+00:00","description":"OVID Health joins PRGN to enhance global healthcare communications with patient-centered strategies for pharma and biotech.","inLanguage":"es","potentialAction":[{"@type":"ReadAction","target":["https:\/\/prgn.cullencommunications.ie\/news\/prgn-adds-ovid-health-as-specialist-healthcare-member-agency\/"]}]},{"@type":"ImageObject","inLanguage":"es","@id":"https:\/\/prgn.cullencommunications.ie\/news\/prgn-adds-ovid-health-as-specialist-healthcare-member-agency\/#primaryimage","url":"https:\/\/prgn.cullencommunications.ie\/wp-content\/uploads\/2025\/11\/Frederic-Francois-BW-150x150.jpeg","contentUrl":"https:\/\/prgn.cullencommunications.ie\/wp-content\/uploads\/2025\/11\/Frederic-Francois-BW-150x150.jpeg"},{"@type":"WebSite","@id":"https:\/\/prgn.cullencommunications.ie\/#website","url":"https:\/\/prgn.cullencommunications.ie\/","name":"PRGN","description":"The World&#039;s Local Agency","publisher":{"@id":"https:\/\/prgn.cullencommunications.ie\/#organization"},"potentialAction":[{"@type":"SearchAction","target":{"@type":"EntryPoint","urlTemplate":"https:\/\/prgn.cullencommunications.ie\/?s={search_term_string}"},"query-input":{"@type":"PropertyValueSpecification","valueRequired":true,"valueName":"search_term_string"}}],"inLanguage":"es"},{"@type":"Organization","@id":"https:\/\/prgn.cullencommunications.ie\/#organization","name":"PRGN","url":"https:\/\/prgn.cullencommunications.ie\/","logo":{"@type":"ImageObject","inLanguage":"es","@id":"https:\/\/prgn.cullencommunications.ie\/#\/schema\/logo\/image\/","url":"https:\/\/prgn.cullencommunications.ie\/wp-content\/uploads\/2022\/07\/WhatsApp-Image-2022-07-15-at-12.08.11-PM.jpeg","contentUrl":"https:\/\/prgn.cullencommunications.ie\/wp-content\/uploads\/2022\/07\/WhatsApp-Image-2022-07-15-at-12.08.11-PM.jpeg","width":1200,"height":628,"caption":"PRGN"},"image":{"@id":"https:\/\/prgn.cullencommunications.ie\/#\/schema\/logo\/image\/"}},{"@type":"Person","@id":"https:\/\/prgn.cullencommunications.ie\/#\/schema\/person\/4e8149167968fed097327214ce3987a6","name":"PRGN Admin","image":{"@type":"ImageObject","inLanguage":"es","@id":"https:\/\/prgn.cullencommunications.ie\/wp-content\/uploads\/2021\/06\/using-gravatar-60x60-1.pngc50528d8fbb4ddf30acaae5177c2b45d","url":"https:\/\/prgn.cullencommunications.ie\/wp-content\/uploads\/2021\/06\/using-gravatar-60x60-1.png","contentUrl":"https:\/\/prgn.cullencommunications.ie\/wp-content\/uploads\/2021\/06\/using-gravatar-60x60-1.png","caption":"PRGN Admin"},"url":"https:\/\/prgn.cullencommunications.ie\/es_es\/author\/prgn-admin\/"}]}},"_links":{"self":[{"href":"https:\/\/prgn.cullencommunications.ie\/es_es\/wp-json\/wp\/v2\/posts\/2480127","targetHints":{"allow":["GET"]}}],"collection":[{"href":"https:\/\/prgn.cullencommunications.ie\/es_es\/wp-json\/wp\/v2\/posts"}],"about":[{"href":"https:\/\/prgn.cullencommunications.ie\/es_es\/wp-json\/wp\/v2\/types\/post"}],"author":[{"embeddable":true,"href":"https:\/\/prgn.cullencommunications.ie\/es_es\/wp-json\/wp\/v2\/users\/76"}],"replies":[{"embeddable":true,"href":"https:\/\/prgn.cullencommunications.ie\/es_es\/wp-json\/wp\/v2\/comments?post=2480127"}],"version-history":[{"count":0,"href":"https:\/\/prgn.cullencommunications.ie\/es_es\/wp-json\/wp\/v2\/posts\/2480127\/revisions"}],"wp:attachment":[{"href":"https:\/\/prgn.cullencommunications.ie\/es_es\/wp-json\/wp\/v2\/media?parent=2480127"}],"wp:term":[{"taxonomy":"category","embeddable":true,"href":"https:\/\/prgn.cullencommunications.ie\/es_es\/wp-json\/wp\/v2\/categories?post=2480127"},{"taxonomy":"post_tag","embeddable":true,"href":"https:\/\/prgn.cullencommunications.ie\/es_es\/wp-json\/wp\/v2\/tags?post=2480127"},{"taxonomy":"author","embeddable":true,"href":"https:\/\/prgn.cullencommunications.ie\/es_es\/wp-json\/wp\/v2\/coauthors?post=2480127"}],"curies":[{"name":"wp","href":"https:\/\/api.w.org\/{rel}","templated":true}]}}